{"id":357450,"date":"2022-10-21T09:22:26","date_gmt":"2022-10-21T07:22:26","guid":{"rendered":"https:\/\/www.pcnen.com\/portal\/?p=357450"},"modified":"2022-10-21T09:22:26","modified_gmt":"2022-10-21T07:22:26","slug":"ni-dzomic-ne-moze-u-cg","status":"publish","type":"post","link":"https:\/\/www.pcnen.com\/portal\/2022\/10\/21\/ni-dzomic-ne-moze-u-cg\/","title":{"rendered":"Ni D\u017eomi\u0107 ne mo\u017ee u CG"},"content":{"rendered":"<p>Protojerej-stavrofor dr Velibor D\u017eomi\u0107 je bio dugogodi\u0161nji paroh podgori\u010dki, starje\u0161ina Crkve Svetog \u0110or\u0111a pod Goricom, Arhijerejski namjesnik podgori\u010dko-kola\u0161inski i koordinator Pravnog savjeta Mitropolije crnogorsko-primorske.<\/p>\n<p>Bio je jedan je od najbli\u017eih dugogodi\u0161njih saradnika bla\u017eenopo\u010div\u0161eg Mitropolita crnogorsko-primorskog Amfilohija.<\/p>\n<p>D\u017eomi\u0107 je sredinom pro\u0161le godine pre\u0161ao saslu\u017ebom u Beograd.<\/p>\n","protected":false},"excerpt":{"rendered":"<p>U Ministarstvu unutra\u0161njih poslova odobrena je lista sa nizom osoba kojima nije dozvoljen ulazak u Crnu Goru, a me\u0111u njima je, kako nezvani\u010dno saznaje Dan, i protojerej stavrofor dr Velibor D\u017eomi\u0107.<\/p>\n","protected":false},"author":1,"featured_media":284288,"comment_status":"open","ping_status":"closed","sticky":false,"template":"","format":"standard","meta":{"_seopress_robots_primary_cat":"","_seopress_titles_title":"","_seopress_titles_desc":"","_seopress_robots_index":"","_et_pb_use_builder":"","_et_pb_old_content":"","_et_gb_content_width":"","inline_featured_image":false,"footnotes":""},"categories":[14],"tags":[],"class_list":["post-357450","post","type-post","status-publish","format-standard","has-post-thumbnail","hentry","category-vijesti"],"_links":{"self":[{"href":"https:\/\/www.pcnen.com\/portal\/wp-json\/wp\/v2\/posts\/357450","targetHints":{"allow":["GET"]}}],"collection":[{"href":"https:\/\/www.pcnen.com\/portal\/wp-json\/wp\/v2\/posts"}],"about":[{"href":"https:\/\/www.pcnen.com\/portal\/wp-json\/wp\/v2\/types\/post"}],"author":[{"embeddable":true,"href":"https:\/\/www.pcnen.com\/portal\/wp-json\/wp\/v2\/users\/1"}],"replies":[{"embeddable":true,"href":"https:\/\/www.pcnen.com\/portal\/wp-json\/wp\/v2\/comments?post=357450"}],"version-history":[{"count":2,"href":"https:\/\/www.pcnen.com\/portal\/wp-json\/wp\/v2\/posts\/357450\/revisions"}],"predecessor-version":[{"id":357452,"href":"https:\/\/www.pcnen.com\/portal\/wp-json\/wp\/v2\/posts\/357450\/revisions\/357452"}],"wp:featuredmedia":[{"embeddable":true,"href":"https:\/\/www.pcnen.com\/portal\/wp-json\/wp\/v2\/media\/284288"}],"wp:attachment":[{"href":"https:\/\/www.pcnen.com\/portal\/wp-json\/wp\/v2\/media?parent=357450"}],"wp:term":[{"taxonomy":"category","embeddable":true,"href":"https:\/\/www.pcnen.com\/portal\/wp-json\/wp\/v2\/categories?post=357450"},{"taxonomy":"post_tag","embeddable":true,"href":"https:\/\/www.pcnen.com\/portal\/wp-json\/wp\/v2\/tags?post=357450"}],"curies":[{"name":"wp","href":"https:\/\/api.w.org\/{rel}","templated":true}]}}