{"id":357437,"date":"2022-10-21T14:34:31","date_gmt":"2022-10-21T12:34:31","guid":{"rendered":"https:\/\/www.pcnen.com\/portal\/?p=357437"},"modified":"2022-10-21T13:56:34","modified_gmt":"2022-10-21T11:56:34","slug":"skupstina-na-dnevnom-redu-izbor-cetvoro-sudija-ustavnog-suda-uzivo","status":"publish","type":"post","link":"https:\/\/www.pcnen.com\/portal\/2022\/10\/21\/skupstina-na-dnevnom-redu-izbor-cetvoro-sudija-ustavnog-suda-uzivo\/","title":{"rendered":"Skup\u0161tina: Na dnevnom redu izbor \u010detvoro sudija Ustavnog suda (u\u017eivo)"},"content":{"rendered":"<p>Klub poslanika Demokratske partije socijalista je najavio da ne\u0107e glasati za predlo\u017eene kandidate\/kandidatkinje, \u0161to zna\u010di da od izbora ne\u0107e biti jer nema odgovaraju\u0107e, dvotre\u010dinske ve\u0107ine.<\/p>\n<p>&#8220;Pozivamo da se odustane od ove farse, da se stvari vrate ponovo na Ustavni odbor i da se kroz politi\u010dki dijalog poku\u0161a do\u0107i do konsenzusa kojim \u0107e se obezbijediti 2\/3 ve\u0107ina&#8221;, poru\u010deno je iz DPS-a.<\/p>\n<p>Ustavni sud Crne Gore je ostao bez kvoruma za odlu\u010divanje nakon \u0161to je u septembru sudija Miodrag Ili\u010dkovi\u0107 stekao uslove za odlazak u penziju. Nefunkcionalno\u0161\u0107u Ustavnog suda dovodi se u pitanje legalnost izbora na bilo kome nivou u Crnoj Gori.<\/p>\n<p><iframe loading=\"lazy\" title=\"YouTube video player\" src=\"https:\/\/www.youtube.com\/embed\/f7Q6ATshNxo\" width=\"560\" height=\"315\" frameborder=\"0\" allowfullscreen=\"allowfullscreen\"><\/iframe><\/p>\n<p>&nbsp;<\/p>\n<blockquote class=\"wp-embedded-content\" data-secret=\"YCaM8fsX5G\"><p><a href=\"https:\/\/www.pcnen.com\/portal\/2022\/10\/20\/dps-nece-glasati-o-sudijama-ustavnog-suda\/\">DPS ne\u0107e glasati o sudijama Ustavnog suda<\/a><\/p><\/blockquote>\n<p><iframe loading=\"lazy\" class=\"wp-embedded-content\" sandbox=\"allow-scripts\" security=\"restricted\" style=\"position: absolute; clip: rect(1px, 1px, 1px, 1px);\" title=\"&#8220;DPS ne\u0107e glasati o sudijama Ustavnog suda&#8221; &#8212; PCNEN\" src=\"https:\/\/www.pcnen.com\/portal\/2022\/10\/20\/dps-nece-glasati-o-sudijama-ustavnog-suda\/embed\/#?secret=ixARBUiVbe#?secret=YCaM8fsX5G\" data-secret=\"YCaM8fsX5G\" width=\"600\" height=\"338\" frameborder=\"0\" marginwidth=\"0\" marginheight=\"0\" scrolling=\"no\"><\/iframe><\/p>\n","protected":false},"excerpt":{"rendered":"<p>Skup\u0161tina Crne Gore danas treba da se izjasni o predlogu svoga Ustavnog odbora da za sudije Ustavnog suda budu izabrani Armenko Snezana, dr Vuk\u010devi\u0107 Ilija, Novakovi\u0107 Jadranka i Ru\u017ei\u010di\u0107 Jelena.<\/p>\n","protected":false},"author":1,"featured_media":0,"comment_status":"open","ping_status":"closed","sticky":false,"template":"","format":"standard","meta":{"_seopress_robots_primary_cat":"","_seopress_titles_title":"","_seopress_titles_desc":"","_seopress_robots_index":"","_et_pb_use_builder":"","_et_pb_old_content":"","_et_gb_content_width":"","inline_featured_image":false,"footnotes":""},"categories":[14],"tags":[1445,1628],"class_list":["post-357437","post","type-post","status-publish","format-standard","hentry","category-vijesti","tag-skupstina-crne-gore","tag-ustavni-sud-crne-gore"],"_links":{"self":[{"href":"https:\/\/www.pcnen.com\/portal\/wp-json\/wp\/v2\/posts\/357437","targetHints":{"allow":["GET"]}}],"collection":[{"href":"https:\/\/www.pcnen.com\/portal\/wp-json\/wp\/v2\/posts"}],"about":[{"href":"https:\/\/www.pcnen.com\/portal\/wp-json\/wp\/v2\/types\/post"}],"author":[{"embeddable":true,"href":"https:\/\/www.pcnen.com\/portal\/wp-json\/wp\/v2\/users\/1"}],"replies":[{"embeddable":true,"href":"https:\/\/www.pcnen.com\/portal\/wp-json\/wp\/v2\/comments?post=357437"}],"version-history":[{"count":4,"href":"https:\/\/www.pcnen.com\/portal\/wp-json\/wp\/v2\/posts\/357437\/revisions"}],"predecessor-version":[{"id":357485,"href":"https:\/\/www.pcnen.com\/portal\/wp-json\/wp\/v2\/posts\/357437\/revisions\/357485"}],"wp:attachment":[{"href":"https:\/\/www.pcnen.com\/portal\/wp-json\/wp\/v2\/media?parent=357437"}],"wp:term":[{"taxonomy":"category","embeddable":true,"href":"https:\/\/www.pcnen.com\/portal\/wp-json\/wp\/v2\/categories?post=357437"},{"taxonomy":"post_tag","embeddable":true,"href":"https:\/\/www.pcnen.com\/portal\/wp-json\/wp\/v2\/tags?post=357437"}],"curies":[{"name":"wp","href":"https:\/\/api.w.org\/{rel}","templated":true}]}}