{"id":357427,"date":"2022-10-20T18:09:06","date_gmt":"2022-10-20T16:09:06","guid":{"rendered":"https:\/\/www.pcnen.com\/portal\/?p=357427"},"modified":"2022-10-20T18:09:06","modified_gmt":"2022-10-20T16:09:06","slug":"dps-nece-glasati-o-sudijama-ustavnog-suda","status":"publish","type":"post","link":"https:\/\/www.pcnen.com\/portal\/2022\/10\/20\/dps-nece-glasati-o-sudijama-ustavnog-suda\/","title":{"rendered":"DPS ne\u0107e glasati o sudijama Ustavnog suda"},"content":{"rendered":"<p>Ustavni odbor Skup\u0161tine Crne Gore ranije je utvrdio predlog za izbor \u010detvoro sudija Ustavnog suda. Za sudije su tada predlo\u017eeni Sne\u017eana Armenko, Ilija Vuk\u010devi\u0107, Jadranka Novakovi\u0107 i Jelena Ru\u017ei\u010di\u0107.<\/p>\n<p>U prvom krugu za izbor sudija potrebna je dvotre\u0107inska ve\u0107ina, odnosno podr\u0161ka 54 poslanika. Sudije mogu biti imenovane i u drugom krugu kada \u0107e biti potrebna tropetinska ve\u0107ina.<\/p>\n<p>&#8220;Na sjednici Ustavnog odbora, odr\u017eanoj prije nekoliko dana, aktuelna parlamentarna ve\u0107ina nastavila je sa realizacijom scenarija dalje paralize dr\u017eavnih institucija. Naime, uprkos tome \u0161to je Ustav jasan i \u0161to je jasno da je potrebna dvotre\u0107inska ve\u0107ina, odlu\u010dili su se da predlo\u017ee svoje kandidate, bez ikakvih prethodnih konsultacija i dijaloga sa ostalim poslani\u010dkim klubovima, isklju\u010div\u0161i iz tog procesa polovinu poslanika iz Skup\u0161tine Crne Gore&#8221;, poru\u010duju iz DPS-a.<\/p>\n<p>Ka\u017eu da \u0107e sjutra biti &#8220;isklju\u010deni iz procesa glasanja na sjednici Skup\u0161tine Crne Gore&#8221;, prenosi RTCG.\u201d.<\/p>\n<p>&#8220;Stoga koristimo priliku da obavijestimo crnogorsku javnost da smo primili k\u2019 znanju takav odnos i da \u0107emo, iz tog razloga &#8211; i mi biti isklju\u010deni iz procesa glasanja na sjednici Skup\u0161tine Crne Gore, sjutra. Dakle, bi\u0107emo isklju\u010deni iz procesa koji predstavlja la\u017ean poku\u0161aj da se obezbijedi funkcionalnost Ustavnog suda, a zapravo krije su\u0161tinsku namjeru da se i ta vitalna dr\u017eavna institucija dr\u017ei u stanju blokade&#8221;, navode u DPS-u.<\/p>\n<p>Poru\u010duju da iza ove namjere krije strah od sigurnog poraza, te se &#8220;ovim manevrom \u017eeli osporiti legitimnost izbora&#8221;.<\/p>\n<p>&#8220;Pozivamo da se odustane od ove farse, da se stvari vrate ponovo na Ustavni odbor i da se kroz politi\u010dki dijalog poku\u0161a do\u0107i do konsenzusa kojim \u0107e se obezbijediti 2\/3 ve\u0107ina&#8221;, zaklju\u010duje se u saop\u0161tenju Kluba poslanika DPS-a.<\/p>\n","protected":false},"excerpt":{"rendered":"<p>Klub poslanika DPS-a najavio je da sjutra, na sjednici Skup\u0161tine, ne\u0107e glasati za sudije Ustavnog suda. Poru\u010duju da \u0107e &#8220;biti isklju\u010deni iz procesa glasanja na sjednici Skup\u0161tine Crne Gore&#8221;.<\/p>\n","protected":false},"author":1,"featured_media":322505,"comment_status":"open","ping_status":"closed","sticky":false,"template":"","format":"standard","meta":{"_seopress_robots_primary_cat":"","_seopress_titles_title":"","_seopress_titles_desc":"","_seopress_robots_index":"","_et_pb_use_builder":"","_et_pb_old_content":"","_et_gb_content_width":"","inline_featured_image":false,"footnotes":""},"categories":[14],"tags":[],"class_list":["post-357427","post","type-post","status-publish","format-standard","has-post-thumbnail","hentry","category-vijesti"],"_links":{"self":[{"href":"https:\/\/www.pcnen.com\/portal\/wp-json\/wp\/v2\/posts\/357427","targetHints":{"allow":["GET"]}}],"collection":[{"href":"https:\/\/www.pcnen.com\/portal\/wp-json\/wp\/v2\/posts"}],"about":[{"href":"https:\/\/www.pcnen.com\/portal\/wp-json\/wp\/v2\/types\/post"}],"author":[{"embeddable":true,"href":"https:\/\/www.pcnen.com\/portal\/wp-json\/wp\/v2\/users\/1"}],"replies":[{"embeddable":true,"href":"https:\/\/www.pcnen.com\/portal\/wp-json\/wp\/v2\/comments?post=357427"}],"version-history":[{"count":1,"href":"https:\/\/www.pcnen.com\/portal\/wp-json\/wp\/v2\/posts\/357427\/revisions"}],"predecessor-version":[{"id":357428,"href":"https:\/\/www.pcnen.com\/portal\/wp-json\/wp\/v2\/posts\/357427\/revisions\/357428"}],"wp:featuredmedia":[{"embeddable":true,"href":"https:\/\/www.pcnen.com\/portal\/wp-json\/wp\/v2\/media\/322505"}],"wp:attachment":[{"href":"https:\/\/www.pcnen.com\/portal\/wp-json\/wp\/v2\/media?parent=357427"}],"wp:term":[{"taxonomy":"category","embeddable":true,"href":"https:\/\/www.pcnen.com\/portal\/wp-json\/wp\/v2\/categories?post=357427"},{"taxonomy":"post_tag","embeddable":true,"href":"https:\/\/www.pcnen.com\/portal\/wp-json\/wp\/v2\/tags?post=357427"}],"curies":[{"name":"wp","href":"https:\/\/api.w.org\/{rel}","templated":true}]}}