{"id":357423,"date":"2022-10-20T15:34:39","date_gmt":"2022-10-20T13:34:39","guid":{"rendered":"https:\/\/www.pcnen.com\/portal\/?p=357423"},"modified":"2022-10-20T15:34:39","modified_gmt":"2022-10-20T13:34:39","slug":"liz-tras-podnijela-ostavku","status":"publish","type":"post","link":"https:\/\/www.pcnen.com\/portal\/2022\/10\/20\/liz-tras-podnijela-ostavku\/","title":{"rendered":"Liz Tras podnijela ostavku"},"content":{"rendered":"<p>Britanski mediji prenose i da je podnijela ostavku da mjesto lidera Konzervativne partije.<\/p>\n<p>Pred desetinama novinara ispred Dauning strita 10, Tras je rekla da je do\u0161la na funkciju u vrijeme \u201evelike ekonomske i me\u0111unarodne nestabilnosti\u201c.<\/p>\n<p>Tras je navela da je stupila na funkciju sa \u201evizijom o ekonomiji sa niskim porezima i visokim rastom\u201c, poslije Bregzita.<\/p>\n<p>&#8220;Priznajem da, s obzirom na situaciju, ne mogu da izvr\u0161im mandat na koji me je izabrala Konzervativna partija, s toga sam razgovarala sa kraljem da ga obavijestim da podnosim ostavku na mjesto lidera Konzervativne stranke\u201c, navela je, prenosi Gardijan.<\/p>\n<p>Liz Tras dalje ka\u017ee da se danas sastala i sa predsjednikom Komiteta 1922, parlamentarne grupe konzervativaca, Grejemom Brejdijem.<\/p>\n<p>Oni su se, navela je, slo\u017eili da \u0107e u narednih nedjelju dana biti odr\u017eani izbori za rukovodstvo, dodajuc\u0301i da \u0107e ona ostati na mjestu premijera dok se ne izabere nasljednik.<\/p>\n<p>Gardijan navodi da je u 45 turbulentnih dana njen mali bud\u017eet potresao tr\u017ei\u0161ta, da je izgubila dva klju\u010dna ministra za to vrijeme, ali i povjerenje gotovo svih svojih poslanika.<\/p>\n<p>Analiti\u010dari navode da je mini bu\u017edet slomio i Veliku Britaniju i Liz Tras. Sa inflacijom na vrhuncu u posljednjih 40 godina, rastuc\u0301im rizicima od recesije i vi\u0161im tro\u0161kovima zadu\u017eivanja u naprednim ekonomijama \u2013 to je, ka\u017eu, bilo veliko kockanje u pogre\u0161nom trenutku.<\/p>\n<p>Ostavka zna\u010di da \u0107e Velika Britanija u oktobru dobiti svog tre\u0107eg premijera u ovoj godini.<\/p>\n<p>Kancelar D\u017eeremi Hant potvrdio je da nec\u0301e biti sljede\u0107i lider konzervativaca i premijer Velike Britanije, navodi BBC.<\/p>\n","protected":false},"excerpt":{"rendered":"<p>Liz Tras podnijela je ostavku na mjesto britanske premijerke. Ona je na toj funkciji provela samo 45 dana, pi\u0161e BBC.<\/p>\n","protected":false},"author":1,"featured_media":339560,"comment_status":"open","ping_status":"closed","sticky":false,"template":"","format":"standard","meta":{"_seopress_robots_primary_cat":"","_seopress_titles_title":"","_seopress_titles_desc":"","_seopress_robots_index":"","_et_pb_use_builder":"","_et_pb_old_content":"","_et_gb_content_width":"","inline_featured_image":false,"footnotes":""},"categories":[14],"tags":[],"class_list":["post-357423","post","type-post","status-publish","format-standard","has-post-thumbnail","hentry","category-vijesti"],"_links":{"self":[{"href":"https:\/\/www.pcnen.com\/portal\/wp-json\/wp\/v2\/posts\/357423","targetHints":{"allow":["GET"]}}],"collection":[{"href":"https:\/\/www.pcnen.com\/portal\/wp-json\/wp\/v2\/posts"}],"about":[{"href":"https:\/\/www.pcnen.com\/portal\/wp-json\/wp\/v2\/types\/post"}],"author":[{"embeddable":true,"href":"https:\/\/www.pcnen.com\/portal\/wp-json\/wp\/v2\/users\/1"}],"replies":[{"embeddable":true,"href":"https:\/\/www.pcnen.com\/portal\/wp-json\/wp\/v2\/comments?post=357423"}],"version-history":[{"count":1,"href":"https:\/\/www.pcnen.com\/portal\/wp-json\/wp\/v2\/posts\/357423\/revisions"}],"predecessor-version":[{"id":357424,"href":"https:\/\/www.pcnen.com\/portal\/wp-json\/wp\/v2\/posts\/357423\/revisions\/357424"}],"wp:featuredmedia":[{"embeddable":true,"href":"https:\/\/www.pcnen.com\/portal\/wp-json\/wp\/v2\/media\/339560"}],"wp:attachment":[{"href":"https:\/\/www.pcnen.com\/portal\/wp-json\/wp\/v2\/media?parent=357423"}],"wp:term":[{"taxonomy":"category","embeddable":true,"href":"https:\/\/www.pcnen.com\/portal\/wp-json\/wp\/v2\/categories?post=357423"},{"taxonomy":"post_tag","embeddable":true,"href":"https:\/\/www.pcnen.com\/portal\/wp-json\/wp\/v2\/tags?post=357423"}],"curies":[{"name":"wp","href":"https:\/\/api.w.org\/{rel}","templated":true}]}}