{"id":357399,"date":"2022-10-20T12:07:29","date_gmt":"2022-10-20T10:07:29","guid":{"rendered":"https:\/\/www.pcnen.com\/portal\/?p=357399"},"modified":"2022-10-20T12:07:29","modified_gmt":"2022-10-20T10:07:29","slug":"vukovic-reizabran-za-gradonacelnika","status":"publish","type":"post","link":"https:\/\/www.pcnen.com\/portal\/2022\/10\/20\/vukovic-reizabran-za-gradonacelnika\/","title":{"rendered":"Vukovi\u0107 reizabran za gradona\u010delnika"},"content":{"rendered":"<p>Sjednicu je zakazao predsjednik op\u0161tinskog parlamenta \u0110or\u0111e Suhih, nakon \u0161to je ju\u010de Upravni sud donio presudu da aktuelni gradona\u010delnik, Vukovi\u0107 nije izabran zakonito.<\/p>\n<p>Vukovi\u0107 je bio jedini kandidat za gradona\u010delnika.<\/p>\n<p>Za njegov izbor glasala su 32 odbornika. Sjednicu Skup\u0161tini prije glasanja napustili su odbornici Demokratske Crne Gore.<\/p>\n<p>Vukovi\u0107 je nakon reizbora kazao da \u0107e u narednom periodu iskoristiti priliku da radi kako je radio i do sad, i da je uvjeren da \u0107e nastaviti mandat i nakon lokalnih izbora u nedjelju.<\/p>\n<p>&#8220;Ono \u0161to nam se desilo 30. avgusta na dr\u017eavnom nivou, ne mo\u017ee nam se desiti u Podgorici nakon 23. oktobra. Ja mislim da je izbor nikad lak\u0161i, i sve ono \u0161to smo radili u prethodne \u010detiri godine i \u0161to su na\u0161i rezultati dobi\u0107e izbornu potvrdu za koji dan&#8221;, kazao je Vukovi\u0107.<\/p>\n<blockquote class=\"wp-embedded-content\" data-secret=\"dEXakAoOTv\"><p><a href=\"https:\/\/www.pcnen.com\/portal\/2022\/10\/20\/skupstina-glavnog-grada-bira-predsjednika-uzivo\/\">Skup\u0161tina Glavnog grada bira predsjednika (u\u017eivo)<\/a><\/p><\/blockquote>\n<p><iframe loading=\"lazy\" class=\"wp-embedded-content\" sandbox=\"allow-scripts\" security=\"restricted\" style=\"position: absolute; clip: rect(1px, 1px, 1px, 1px);\" title=\"&#8220;Skup\u0161tina Glavnog grada bira predsjednika (u\u017eivo)&#8221; &#8212; PCNEN\" src=\"https:\/\/www.pcnen.com\/portal\/2022\/10\/20\/skupstina-glavnog-grada-bira-predsjednika-uzivo\/embed\/#?secret=fqt6dXtfIn#?secret=dEXakAoOTv\" data-secret=\"dEXakAoOTv\" width=\"600\" height=\"338\" frameborder=\"0\" marginwidth=\"0\" marginheight=\"0\" scrolling=\"no\"><\/iframe><\/p>\n","protected":false},"excerpt":{"rendered":"<p>Na sjednici Skup\u0161tine Glavnog grada Ivan Vukovi\u0107 je ponovo izabran na poziciju gradona\u010delnika.<\/p>\n","protected":false},"author":1,"featured_media":296987,"comment_status":"open","ping_status":"closed","sticky":false,"template":"","format":"standard","meta":{"_seopress_robots_primary_cat":"","_seopress_titles_title":"","_seopress_titles_desc":"","_seopress_robots_index":"","_et_pb_use_builder":"","_et_pb_old_content":"","_et_gb_content_width":"","inline_featured_image":false,"footnotes":""},"categories":[14],"tags":[],"class_list":["post-357399","post","type-post","status-publish","format-standard","has-post-thumbnail","hentry","category-vijesti"],"_links":{"self":[{"href":"https:\/\/www.pcnen.com\/portal\/wp-json\/wp\/v2\/posts\/357399","targetHints":{"allow":["GET"]}}],"collection":[{"href":"https:\/\/www.pcnen.com\/portal\/wp-json\/wp\/v2\/posts"}],"about":[{"href":"https:\/\/www.pcnen.com\/portal\/wp-json\/wp\/v2\/types\/post"}],"author":[{"embeddable":true,"href":"https:\/\/www.pcnen.com\/portal\/wp-json\/wp\/v2\/users\/1"}],"replies":[{"embeddable":true,"href":"https:\/\/www.pcnen.com\/portal\/wp-json\/wp\/v2\/comments?post=357399"}],"version-history":[{"count":1,"href":"https:\/\/www.pcnen.com\/portal\/wp-json\/wp\/v2\/posts\/357399\/revisions"}],"predecessor-version":[{"id":357400,"href":"https:\/\/www.pcnen.com\/portal\/wp-json\/wp\/v2\/posts\/357399\/revisions\/357400"}],"wp:featuredmedia":[{"embeddable":true,"href":"https:\/\/www.pcnen.com\/portal\/wp-json\/wp\/v2\/media\/296987"}],"wp:attachment":[{"href":"https:\/\/www.pcnen.com\/portal\/wp-json\/wp\/v2\/media?parent=357399"}],"wp:term":[{"taxonomy":"category","embeddable":true,"href":"https:\/\/www.pcnen.com\/portal\/wp-json\/wp\/v2\/categories?post=357399"},{"taxonomy":"post_tag","embeddable":true,"href":"https:\/\/www.pcnen.com\/portal\/wp-json\/wp\/v2\/tags?post=357399"}],"curies":[{"name":"wp","href":"https:\/\/api.w.org\/{rel}","templated":true}]}}