{"id":357396,"date":"2022-10-20T10:50:32","date_gmt":"2022-10-20T08:50:32","guid":{"rendered":"https:\/\/www.pcnen.com\/portal\/?p=357396"},"modified":"2022-10-20T10:50:32","modified_gmt":"2022-10-20T08:50:32","slug":"vukovic-najavio-krivicne-prijave-protiv-sudija-upravnog-suda","status":"publish","type":"post","link":"https:\/\/www.pcnen.com\/portal\/2022\/10\/20\/vukovic-najavio-krivicne-prijave-protiv-sudija-upravnog-suda\/","title":{"rendered":"Vukovi\u0107 najavio krivi\u010dne prijave protiv sudija Upravnog suda"},"content":{"rendered":"<p>\u201cOvo presedan i kr\u0161enje zakona\u201d, rekao je Vukovi\u0107.<\/p>\n<p>Istakao je da taj sud nikad ne donosi presude u intervalu kra\u0107em od tri do \u0161est mjeseci.<\/p>\n<p>\u201cOni su silom na sramotu, prvi put u praksi tog suda, poslije usmene rasprave istog dana donijeli odluku\u201d, dodao je on.<\/p>\n<p>\u201cZbog toga \u0107emo podnijeti krivi\u010dnu prijavu protiv sudija Upravnog suda koji su ukaljali ugled tog suda. Ovo je prvi put da se jedna pravosudna institucija mije\u0161a na ovako eklatantan na\u010din u politi\u010dke procese, izborni proces u Crnoj Gori. Ovo je sramota i ovo treba svakog da zabrine, bez obzira na tzo \u0161to bi bio krajnji ishod\u201d, naglasio je Vukovi\u0107.<\/p>\n<p>Na sjednici je usvojen je dnevni red na kojem su dvije ta\u010dke &#8211; izbor gradona\u010delnika, i izbori imenovanja. Glasala su 33 odbornika, od kojih su svi podr\u017eali predlog.<\/p>\n<p><iframe loading=\"lazy\" title=\"XXXIX SJEDNICA\" width=\"1080\" height=\"608\" src=\"https:\/\/www.youtube.com\/embed\/t0PN3fmPc-s?feature=oembed\" frameborder=\"0\" allow=\"accelerometer; autoplay; clipboard-write; encrypted-media; gyroscope; picture-in-picture; web-share\" allowfullscreen><\/iframe><\/p>\n","protected":false},"excerpt":{"rendered":"<p>Na sjednica Skup\u0161tine Glavnog grada, Ivan Vukovi\u0107 je prokomentarisao presudu Upravnog suda da aktuelni gradona\u010delnik\u00a0 nije izabran zakonito.<\/p>\n","protected":false},"author":1,"featured_media":296987,"comment_status":"open","ping_status":"closed","sticky":false,"template":"","format":"standard","meta":{"_seopress_robots_primary_cat":"","_seopress_titles_title":"","_seopress_titles_desc":"","_seopress_robots_index":"","_et_pb_use_builder":"","_et_pb_old_content":"","_et_gb_content_width":"","inline_featured_image":false,"footnotes":""},"categories":[14],"tags":[],"class_list":["post-357396","post","type-post","status-publish","format-standard","has-post-thumbnail","hentry","category-vijesti"],"_links":{"self":[{"href":"https:\/\/www.pcnen.com\/portal\/wp-json\/wp\/v2\/posts\/357396","targetHints":{"allow":["GET"]}}],"collection":[{"href":"https:\/\/www.pcnen.com\/portal\/wp-json\/wp\/v2\/posts"}],"about":[{"href":"https:\/\/www.pcnen.com\/portal\/wp-json\/wp\/v2\/types\/post"}],"author":[{"embeddable":true,"href":"https:\/\/www.pcnen.com\/portal\/wp-json\/wp\/v2\/users\/1"}],"replies":[{"embeddable":true,"href":"https:\/\/www.pcnen.com\/portal\/wp-json\/wp\/v2\/comments?post=357396"}],"version-history":[{"count":2,"href":"https:\/\/www.pcnen.com\/portal\/wp-json\/wp\/v2\/posts\/357396\/revisions"}],"predecessor-version":[{"id":357398,"href":"https:\/\/www.pcnen.com\/portal\/wp-json\/wp\/v2\/posts\/357396\/revisions\/357398"}],"wp:featuredmedia":[{"embeddable":true,"href":"https:\/\/www.pcnen.com\/portal\/wp-json\/wp\/v2\/media\/296987"}],"wp:attachment":[{"href":"https:\/\/www.pcnen.com\/portal\/wp-json\/wp\/v2\/media?parent=357396"}],"wp:term":[{"taxonomy":"category","embeddable":true,"href":"https:\/\/www.pcnen.com\/portal\/wp-json\/wp\/v2\/categories?post=357396"},{"taxonomy":"post_tag","embeddable":true,"href":"https:\/\/www.pcnen.com\/portal\/wp-json\/wp\/v2\/tags?post=357396"}],"curies":[{"name":"wp","href":"https:\/\/api.w.org\/{rel}","templated":true}]}}