{"id":357379,"date":"2022-10-20T08:36:53","date_gmt":"2022-10-20T06:36:53","guid":{"rendered":"https:\/\/www.pcnen.com\/portal\/?p=357379"},"modified":"2022-10-20T08:37:24","modified_gmt":"2022-10-20T06:37:24","slug":"dubrovacki-vjesnik-ministar-diplomatskog-skandala-i-zloupotreba-dubrovackih-branitelja","status":"publish","type":"post","link":"https:\/\/www.pcnen.com\/portal\/2022\/10\/20\/dubrovacki-vjesnik-ministar-diplomatskog-skandala-i-zloupotreba-dubrovackih-branitelja\/","title":{"rendered":"Dubrova\u010dki vjesnik: Ministar diplomatskog skandala i zloupotreba dubrova\u010dkih branitelja"},"content":{"rendered":"<p>\u201cDubrova\u010dki branitelji, nekada\u0161nji zato\u010denici crnogorskog logora Morinj uklju\u010deni su, mimo svog znanja i volje, u predizbornu kampanju za lokalne izbore koji \u0107e se ovog vikenda odr\u017eati u Crnoj Gori. Sve\u010danom uklju\u010divanju u crnogorske lokalne izbore nazo\u010dan je bio i na\u0161 gradona\u010delnik Mato Frankovi\u0107. Njega i dubrova\u010dke \u017ertve logora Morinj tamo su, na prevaru, doveli ministar vanjskih poslova Gordan Grli\u0107 Radman i ministar hrvatskih branitelja Tomo Medved, pi\u0161 .<\/p>\n<p>Njih dvojica znala su vrlo dobro \u0161to \u0107e na toj plo\u010di pisati. Znali su da odluku o postavljanju spomen plo\u010de nije donijela ni Vlada Crne Gore, ni op\u0107ina Kotor, pa je spomen plo\u010da prakti\u010dki ilegalna. I znali su da se ona postavlja na inicijativu dugogodi\u0161njih koalicijskih partnera dana\u0161njeg predsjednika Mila \u0110ukanovi\u0107a, \u010dija se Demokratska partija socijalista trenutno nalazi u opoziciji\u201d, <a href=\"https:\/\/dubrovacki.slobodnadalmacija.hr\/dubrovnik\/vijesti\/hrvatska-i-svijet\/ministar-diplomatskog-skandala-i-zloupotreba-dubrovackih-branitelja-1233772\" target=\"_blank\" rel=\"noopener\">pi\u0161e Kapor.<\/a><\/p>\n<p>&nbsp;<\/p>\n<blockquote class=\"wp-embedded-content\" data-secret=\"pbppL9Z5Sh\"><p><a href=\"https:\/\/www.pcnen.com\/portal\/2022\/10\/20\/samoizvinjenje-u-morinju\/\">Samoizvinjenje u Morinju<\/a><\/p><\/blockquote>\n<p><iframe loading=\"lazy\" class=\"wp-embedded-content\" sandbox=\"allow-scripts\" security=\"restricted\" style=\"position: absolute; clip: rect(1px, 1px, 1px, 1px);\" title=\"&#8220;Samoizvinjenje u Morinju&#8221; &#8212; PCNEN\" src=\"https:\/\/www.pcnen.com\/portal\/2022\/10\/20\/samoizvinjenje-u-morinju\/embed\/#?secret=NmUhSXY8yr#?secret=pbppL9Z5Sh\" data-secret=\"pbppL9Z5Sh\" width=\"600\" height=\"338\" frameborder=\"0\" marginwidth=\"0\" marginheight=\"0\" scrolling=\"no\"><\/iframe><\/p>\n","protected":false},"excerpt":{"rendered":"<p>Glavni urednik Dubrova\u010dkog vjesnika Jadran Kapor je optu\u017eio hrvatske ministre da su na prevaru u Crnu Goru u predizbornu kampanju uklju\u010dili nekada\u0161nje zato\u010dnike logoa u Morinju.<\/p>\n","protected":false},"author":1,"featured_media":356878,"comment_status":"open","ping_status":"closed","sticky":false,"template":"","format":"standard","meta":{"_seopress_robots_primary_cat":"","_seopress_titles_title":"","_seopress_titles_desc":"","_seopress_robots_index":"","_et_pb_use_builder":"","_et_pb_old_content":"","_et_gb_content_width":"","inline_featured_image":false,"footnotes":""},"categories":[14],"tags":[833],"class_list":["post-357379","post","type-post","status-publish","format-standard","has-post-thumbnail","hentry","category-vijesti","tag-logor-morinj"],"_links":{"self":[{"href":"https:\/\/www.pcnen.com\/portal\/wp-json\/wp\/v2\/posts\/357379","targetHints":{"allow":["GET"]}}],"collection":[{"href":"https:\/\/www.pcnen.com\/portal\/wp-json\/wp\/v2\/posts"}],"about":[{"href":"https:\/\/www.pcnen.com\/portal\/wp-json\/wp\/v2\/types\/post"}],"author":[{"embeddable":true,"href":"https:\/\/www.pcnen.com\/portal\/wp-json\/wp\/v2\/users\/1"}],"replies":[{"embeddable":true,"href":"https:\/\/www.pcnen.com\/portal\/wp-json\/wp\/v2\/comments?post=357379"}],"version-history":[{"count":2,"href":"https:\/\/www.pcnen.com\/portal\/wp-json\/wp\/v2\/posts\/357379\/revisions"}],"predecessor-version":[{"id":357381,"href":"https:\/\/www.pcnen.com\/portal\/wp-json\/wp\/v2\/posts\/357379\/revisions\/357381"}],"wp:featuredmedia":[{"embeddable":true,"href":"https:\/\/www.pcnen.com\/portal\/wp-json\/wp\/v2\/media\/356878"}],"wp:attachment":[{"href":"https:\/\/www.pcnen.com\/portal\/wp-json\/wp\/v2\/media?parent=357379"}],"wp:term":[{"taxonomy":"category","embeddable":true,"href":"https:\/\/www.pcnen.com\/portal\/wp-json\/wp\/v2\/categories?post=357379"},{"taxonomy":"post_tag","embeddable":true,"href":"https:\/\/www.pcnen.com\/portal\/wp-json\/wp\/v2\/tags?post=357379"}],"curies":[{"name":"wp","href":"https:\/\/api.w.org\/{rel}","templated":true}]}}