{"id":357364,"date":"2022-10-19T21:42:29","date_gmt":"2022-10-19T19:42:29","guid":{"rendered":"https:\/\/www.pcnen.com\/portal\/?p=357364"},"modified":"2022-10-19T21:42:29","modified_gmt":"2022-10-19T19:42:29","slug":"bojanic-ubijeden-da-je-kupovina-aviona-za-tomontenegro-bila-zakonita","status":"publish","type":"post","link":"https:\/\/www.pcnen.com\/portal\/2022\/10\/19\/bojanic-ubijeden-da-je-kupovina-aviona-za-tomontenegro-bila-zakonita\/","title":{"rendered":"Bojani\u0107 ubije\u0111en da je kupovina aviona za ToMontenegro bila zakonita"},"content":{"rendered":"<p>\u201cBez najmanje namjere da uti\u010dem na eventualnu istragu i\u00a0 \u017eelje da se izbjegne utvr\u0111ivanje bilo \u010dije odgovornosti, pojedina\u010dne i institucionalne, ubije\u0111en sam da je taj proces ura\u0111en na zakonit i najbolji mogu\u0107i na\u010din u datim okolnostima, koje nisu bile ni jednostavne ni lake\u201d, napisao je Bojani\u0107 na svome tviter profilu.<\/p>\n<p>Predsjednik Demokratske narodne partije Milan Kne\u017eevi\u0107 je kazao danas da je neko u To Montenegro i Monetnegro Airlinesu o\u0161tetio Crnu Goru za 11,2 miliona dolara. Kne\u017eevi\u0107 je javnosti predo\u010dito svoja saznanja o sumnjivim ugovorima za kupovinu dva aviona za potrebe doma\u0107e aviokompanije To Montenegro.<\/p>\n<p>https:\/\/twitter.com\/MladenBojanic1\/status\/1582734330174242817<\/p>\n<p>&nbsp;<\/p>\n<blockquote class=\"wp-embedded-content\" data-secret=\"1hlSpkKvYN\"><p><a href=\"https:\/\/www.pcnen.com\/portal\/2022\/10\/19\/knezevic-o-sumnjivim-ugovorima-za-kupovinu-dva-aviona-uzivo\/\">Kne\u017eevi\u0107 o sumnjivim ugovorima za kupovinu dva aviona (u\u017eivo)<\/a><\/p><\/blockquote>\n<p><iframe loading=\"lazy\" class=\"wp-embedded-content\" sandbox=\"allow-scripts\" security=\"restricted\" style=\"position: absolute; clip: rect(1px, 1px, 1px, 1px);\" title=\"&#8220;Kne\u017eevi\u0107 o sumnjivim ugovorima za kupovinu dva aviona (u\u017eivo)&#8221; &#8212; PCNEN\" src=\"https:\/\/www.pcnen.com\/portal\/2022\/10\/19\/knezevic-o-sumnjivim-ugovorima-za-kupovinu-dva-aviona-uzivo\/embed\/#?secret=l2NYTIYBAx#?secret=1hlSpkKvYN\" data-secret=\"1hlSpkKvYN\" width=\"600\" height=\"338\" frameborder=\"0\" marginwidth=\"0\" marginheight=\"0\" scrolling=\"no\"><\/iframe><\/p>\n","protected":false},"excerpt":{"rendered":"<p>Ministar kapitalnih investicija u pro\u0161loj Vladi Crne Gore Mladen Bojani\u0107 je saop\u0161tio da daje punu i nedvosmislenu podr\u0161ku \u201cda se svi ugovori u procesu kupovine aviona za ToMontenegro ispitaju do poslednjeg zareza\u201d.<\/p>\n","protected":false},"author":1,"featured_media":309931,"comment_status":"open","ping_status":"closed","sticky":false,"template":"","format":"standard","meta":{"_seopress_robots_primary_cat":"","_seopress_titles_title":"","_seopress_titles_desc":"","_seopress_robots_index":"","_et_pb_use_builder":"","_et_pb_old_content":"","_et_gb_content_width":"","inline_featured_image":false,"footnotes":""},"categories":[14],"tags":[2432,2433],"class_list":["post-357364","post","type-post","status-publish","format-standard","has-post-thumbnail","hentry","category-vijesti","tag-bojanic","tag-tomontenegro"],"_links":{"self":[{"href":"https:\/\/www.pcnen.com\/portal\/wp-json\/wp\/v2\/posts\/357364","targetHints":{"allow":["GET"]}}],"collection":[{"href":"https:\/\/www.pcnen.com\/portal\/wp-json\/wp\/v2\/posts"}],"about":[{"href":"https:\/\/www.pcnen.com\/portal\/wp-json\/wp\/v2\/types\/post"}],"author":[{"embeddable":true,"href":"https:\/\/www.pcnen.com\/portal\/wp-json\/wp\/v2\/users\/1"}],"replies":[{"embeddable":true,"href":"https:\/\/www.pcnen.com\/portal\/wp-json\/wp\/v2\/comments?post=357364"}],"version-history":[{"count":1,"href":"https:\/\/www.pcnen.com\/portal\/wp-json\/wp\/v2\/posts\/357364\/revisions"}],"predecessor-version":[{"id":357365,"href":"https:\/\/www.pcnen.com\/portal\/wp-json\/wp\/v2\/posts\/357364\/revisions\/357365"}],"wp:featuredmedia":[{"embeddable":true,"href":"https:\/\/www.pcnen.com\/portal\/wp-json\/wp\/v2\/media\/309931"}],"wp:attachment":[{"href":"https:\/\/www.pcnen.com\/portal\/wp-json\/wp\/v2\/media?parent=357364"}],"wp:term":[{"taxonomy":"category","embeddable":true,"href":"https:\/\/www.pcnen.com\/portal\/wp-json\/wp\/v2\/categories?post=357364"},{"taxonomy":"post_tag","embeddable":true,"href":"https:\/\/www.pcnen.com\/portal\/wp-json\/wp\/v2\/tags?post=357364"}],"curies":[{"name":"wp","href":"https:\/\/api.w.org\/{rel}","templated":true}]}}