{"id":357353,"date":"2022-10-19T16:49:52","date_gmt":"2022-10-19T14:49:52","guid":{"rendered":"https:\/\/www.pcnen.com\/portal\/?p=357353"},"modified":"2022-10-19T16:56:53","modified_gmt":"2022-10-19T14:56:53","slug":"zakazana-sjednica-skupstine-glavnog-grada-biraju-gradonacelnika","status":"publish","type":"post","link":"https:\/\/www.pcnen.com\/portal\/2022\/10\/19\/zakazana-sjednica-skupstine-glavnog-grada-biraju-gradonacelnika\/","title":{"rendered":"Zakazana sjednica Skup\u0161tine Glavnog grada: Biraju gradona\u010delnika"},"content":{"rendered":"<p>Sjednica je zakazana nakon \u0161to je Upravni sud poni\u0161tio odluku Skup\u0161tine Glavnog grada od 5. jula na osnivu koje je Ivan Vukovi\u0107 ponovo izabran za gradona\u010delnika.<\/p>\n<p>Na sajtu Skup\u0161tine Glavnog grada objavljen je saziv sjednice gradskog parlamenta sa ta\u010dkama &#8211; izbor gradona\u010delnika Glavnog grada-Podgorice i izbori i imenovanja, ali ne i materijal koji prati ove dvije odluke.<\/p>\n<p>Sjednica gradskog parlamenta je zakazana za 9 \u010dasova.<\/p>\n<blockquote class=\"wp-embedded-content\" data-secret=\"S2aSRsaCUu\"><p><a href=\"https:\/\/www.pcnen.com\/portal\/2022\/10\/19\/upravni-sud-ponistio-odluku-kojom-je-vukovic-izabran-za-gradonacelnika\/\">Upravni sud poni\u0161tio odluku kojom je Vukovi\u0107 izabran za gradona\u010delnika<\/a><\/p><\/blockquote>\n<p><iframe loading=\"lazy\" class=\"wp-embedded-content\" sandbox=\"allow-scripts\" security=\"restricted\" style=\"position: absolute; clip: rect(1px, 1px, 1px, 1px);\" title=\"&#8220;Upravni sud poni\u0161tio odluku kojom je Vukovi\u0107 izabran za gradona\u010delnika&#8221; &#8212; PCNEN\" src=\"https:\/\/www.pcnen.com\/portal\/2022\/10\/19\/upravni-sud-ponistio-odluku-kojom-je-vukovic-izabran-za-gradonacelnika\/embed\/#?secret=3VwMF90x5o#?secret=S2aSRsaCUu\" data-secret=\"S2aSRsaCUu\" width=\"600\" height=\"338\" frameborder=\"0\" marginwidth=\"0\" marginheight=\"0\" scrolling=\"no\"><\/iframe><\/p>\n","protected":false},"excerpt":{"rendered":"<p>Predsjednik Skup\u0161tine Glavnog grada \u0110or\u0111e Suhih zakazao je za sjutra, 20.oktobra, sjednicu lokalnog parlamenta na \u010dijem dnevnom redu je kao prva ta\u010dka izbor gradona\u010delnika.<\/p>\n","protected":false},"author":1,"featured_media":357354,"comment_status":"open","ping_status":"closed","sticky":false,"template":"","format":"standard","meta":{"_seopress_robots_primary_cat":"","_seopress_titles_title":"","_seopress_titles_desc":"","_seopress_robots_index":"","_et_pb_use_builder":"","_et_pb_old_content":"","_et_gb_content_width":"","inline_featured_image":false,"footnotes":""},"categories":[14],"tags":[],"class_list":["post-357353","post","type-post","status-publish","format-standard","has-post-thumbnail","hentry","category-vijesti"],"_links":{"self":[{"href":"https:\/\/www.pcnen.com\/portal\/wp-json\/wp\/v2\/posts\/357353","targetHints":{"allow":["GET"]}}],"collection":[{"href":"https:\/\/www.pcnen.com\/portal\/wp-json\/wp\/v2\/posts"}],"about":[{"href":"https:\/\/www.pcnen.com\/portal\/wp-json\/wp\/v2\/types\/post"}],"author":[{"embeddable":true,"href":"https:\/\/www.pcnen.com\/portal\/wp-json\/wp\/v2\/users\/1"}],"replies":[{"embeddable":true,"href":"https:\/\/www.pcnen.com\/portal\/wp-json\/wp\/v2\/comments?post=357353"}],"version-history":[{"count":4,"href":"https:\/\/www.pcnen.com\/portal\/wp-json\/wp\/v2\/posts\/357353\/revisions"}],"predecessor-version":[{"id":357358,"href":"https:\/\/www.pcnen.com\/portal\/wp-json\/wp\/v2\/posts\/357353\/revisions\/357358"}],"wp:featuredmedia":[{"embeddable":true,"href":"https:\/\/www.pcnen.com\/portal\/wp-json\/wp\/v2\/media\/357354"}],"wp:attachment":[{"href":"https:\/\/www.pcnen.com\/portal\/wp-json\/wp\/v2\/media?parent=357353"}],"wp:term":[{"taxonomy":"category","embeddable":true,"href":"https:\/\/www.pcnen.com\/portal\/wp-json\/wp\/v2\/categories?post=357353"},{"taxonomy":"post_tag","embeddable":true,"href":"https:\/\/www.pcnen.com\/portal\/wp-json\/wp\/v2\/tags?post=357353"}],"curies":[{"name":"wp","href":"https:\/\/api.w.org\/{rel}","templated":true}]}}