{"id":357304,"date":"2022-10-18T18:14:59","date_gmt":"2022-10-18T16:14:59","guid":{"rendered":"https:\/\/www.pcnen.com\/portal\/?p=357304"},"modified":"2022-10-18T18:14:59","modified_gmt":"2022-10-18T16:14:59","slug":"u-turskoj-uhapseno-vise-od-540-osoba-zbog-veza-sa-gulenom","status":"publish","type":"post","link":"https:\/\/www.pcnen.com\/portal\/2022\/10\/18\/u-turskoj-uhapseno-vise-od-540-osoba-zbog-veza-sa-gulenom\/","title":{"rendered":"U Turskoj uhap\u0161eno vi\u0161e od 540 osoba zbog veza sa Gulenom"},"content":{"rendered":"<p>\u201eIzdata su 704 naloga za hap\u0161enje, a uhap\u0161ene su 543 osobe\u201c, izjavio je turski ministar unutra\u0161njih poslova Sulejman Sojlu, prenosi Beta.<\/p>\n<p>Operacija, izvedena u 59 od 81 turske provincije, ciljala je na finansijsku strukturu \u201eteroristi\u010dke organizacije FETO\u201c, akronim koji Ankara koristi za ozna\u010davanje Gulenovog pokreta.<\/p>\n<p>Uhap\u0161eni su osumnji\u010deni da su primali ili preraspodijelili novac koji su iz inostranstva slale pristalice propovjednika, koji \u017eivi u Sjedinjenim Dr\u017eavama.<\/p>\n<p>Erdogan smatra da je Gulen (81) pokreta\u010d poku\u0161aja dr\u017eavnog udara u julu 2016. godine.<\/p>\n<p>Turske vlasti su od tog neuspjelog pu\u010da uhapsile vi\u0161e od 300.000 osoba, posebno u redovima policije, pravosu\u0111a, vojske i intelektualaca.<\/p>\n","protected":false},"excerpt":{"rendered":"<p>Turske vlasti saop\u0161tile su da su uhapsile vi\u0161e od 540 osoba osumnji\u010denih za veze sa propovjednikom Fetulahom Gulenom, kojeg predsjednik Red\u017eep Tajip Erdogan optu\u017euje da je organizovao poku\u0161aj pu\u010da 2016. godine.<\/p>\n","protected":false},"author":1,"featured_media":0,"comment_status":"open","ping_status":"closed","sticky":false,"template":"","format":"standard","meta":{"_seopress_robots_primary_cat":"","_seopress_titles_title":"","_seopress_titles_desc":"","_seopress_robots_index":"","_et_pb_use_builder":"","_et_pb_old_content":"","_et_gb_content_width":"","inline_featured_image":false,"footnotes":""},"categories":[14],"tags":[],"class_list":["post-357304","post","type-post","status-publish","format-standard","hentry","category-vijesti"],"_links":{"self":[{"href":"https:\/\/www.pcnen.com\/portal\/wp-json\/wp\/v2\/posts\/357304","targetHints":{"allow":["GET"]}}],"collection":[{"href":"https:\/\/www.pcnen.com\/portal\/wp-json\/wp\/v2\/posts"}],"about":[{"href":"https:\/\/www.pcnen.com\/portal\/wp-json\/wp\/v2\/types\/post"}],"author":[{"embeddable":true,"href":"https:\/\/www.pcnen.com\/portal\/wp-json\/wp\/v2\/users\/1"}],"replies":[{"embeddable":true,"href":"https:\/\/www.pcnen.com\/portal\/wp-json\/wp\/v2\/comments?post=357304"}],"version-history":[{"count":1,"href":"https:\/\/www.pcnen.com\/portal\/wp-json\/wp\/v2\/posts\/357304\/revisions"}],"predecessor-version":[{"id":357305,"href":"https:\/\/www.pcnen.com\/portal\/wp-json\/wp\/v2\/posts\/357304\/revisions\/357305"}],"wp:attachment":[{"href":"https:\/\/www.pcnen.com\/portal\/wp-json\/wp\/v2\/media?parent=357304"}],"wp:term":[{"taxonomy":"category","embeddable":true,"href":"https:\/\/www.pcnen.com\/portal\/wp-json\/wp\/v2\/categories?post=357304"},{"taxonomy":"post_tag","embeddable":true,"href":"https:\/\/www.pcnen.com\/portal\/wp-json\/wp\/v2\/tags?post=357304"}],"curies":[{"name":"wp","href":"https:\/\/api.w.org\/{rel}","templated":true}]}}