{"id":357300,"date":"2022-10-18T16:15:59","date_gmt":"2022-10-18T14:15:59","guid":{"rendered":"https:\/\/www.pcnen.com\/portal\/?p=357300"},"modified":"2022-10-18T16:15:59","modified_gmt":"2022-10-18T14:15:59","slug":"belivuk-vodio-sam-grupu-koja-je-sluzila-za-potrebe-drzave","status":"publish","type":"post","link":"https:\/\/www.pcnen.com\/portal\/2022\/10\/18\/belivuk-vodio-sam-grupu-koja-je-sluzila-za-potrebe-drzave\/","title":{"rendered":"Belivuk: Vodio sam grupu koja je slu\u017eila za potrebe dr\u017eave"},"content":{"rendered":"<p>Belivuk je u odbrani pri\u010dao o svojim vezama sa dr\u017eavom, predsjednikom Aleksandrom Vu\u010di\u0107em i njegovom strankom, kao i o svom kriminalnom konkurentu Filipu Kora\u0107u.<\/p>\n<p>\u201eJa sam \u010dlan Srpske napredne stranke od 2011. godine. Sa Aleksandrom Stankovi\u0107em sam vodio grupu koja je slu\u017eila za potrebe dr\u017eave\u201c, rekao je Veljko Belivuk u sudnici Specijalnog suda kada je po\u010deo da iznosi odbranu, <a href=\"https:\/\/www.krik.rs\/belivuk-izneo-odbranu-vodio-sam-grupu-koja-je-sluzila-za-potrebe-drzave\/\">prenosi KRIK.<\/a><\/p>\n","protected":false},"excerpt":{"rendered":"<p>Nakon vi\u0161e od godinu i po dana od hap\u0161enja Veljku Belivuku i \u010dlanovima njegove grupe, ju\u010de je po\u010delo su\u0111enje u Vi\u0161em sudu u Beogradu.<\/p>\n","protected":false},"author":1,"featured_media":0,"comment_status":"open","ping_status":"closed","sticky":false,"template":"","format":"standard","meta":{"_seopress_robots_primary_cat":"","_seopress_titles_title":"","_seopress_titles_desc":"","_seopress_robots_index":"","_et_pb_use_builder":"","_et_pb_old_content":"","_et_gb_content_width":"","inline_featured_image":false,"footnotes":""},"categories":[14],"tags":[],"class_list":["post-357300","post","type-post","status-publish","format-standard","hentry","category-vijesti"],"_links":{"self":[{"href":"https:\/\/www.pcnen.com\/portal\/wp-json\/wp\/v2\/posts\/357300","targetHints":{"allow":["GET"]}}],"collection":[{"href":"https:\/\/www.pcnen.com\/portal\/wp-json\/wp\/v2\/posts"}],"about":[{"href":"https:\/\/www.pcnen.com\/portal\/wp-json\/wp\/v2\/types\/post"}],"author":[{"embeddable":true,"href":"https:\/\/www.pcnen.com\/portal\/wp-json\/wp\/v2\/users\/1"}],"replies":[{"embeddable":true,"href":"https:\/\/www.pcnen.com\/portal\/wp-json\/wp\/v2\/comments?post=357300"}],"version-history":[{"count":1,"href":"https:\/\/www.pcnen.com\/portal\/wp-json\/wp\/v2\/posts\/357300\/revisions"}],"predecessor-version":[{"id":357301,"href":"https:\/\/www.pcnen.com\/portal\/wp-json\/wp\/v2\/posts\/357300\/revisions\/357301"}],"wp:attachment":[{"href":"https:\/\/www.pcnen.com\/portal\/wp-json\/wp\/v2\/media?parent=357300"}],"wp:term":[{"taxonomy":"category","embeddable":true,"href":"https:\/\/www.pcnen.com\/portal\/wp-json\/wp\/v2\/categories?post=357300"},{"taxonomy":"post_tag","embeddable":true,"href":"https:\/\/www.pcnen.com\/portal\/wp-json\/wp\/v2\/tags?post=357300"}],"curies":[{"name":"wp","href":"https:\/\/api.w.org\/{rel}","templated":true}]}}