{"id":357289,"date":"2022-10-18T11:48:26","date_gmt":"2022-10-18T09:48:26","guid":{"rendered":"https:\/\/www.pcnen.com\/portal\/?p=357289"},"modified":"2022-10-18T12:37:12","modified_gmt":"2022-10-18T10:37:12","slug":"sdt-formirano-vise-predmeta-abazovic-vec-saslusan","status":"publish","type":"post","link":"https:\/\/www.pcnen.com\/portal\/2022\/10\/18\/sdt-formirano-vise-predmeta-abazovic-vec-saslusan\/","title":{"rendered":"SDT: Formirano vi\u0161e predmeta, Abazovi\u0107 ve\u0107 saslu\u0161an"},"content":{"rendered":"<p>Tim povodom je ve\u0107 saslu\u0161an premijer o svim saznanjima, a u predmetima se prikupljaju dokazi i o eventualnom u\u010de\u0161\u0107u slu\u017ebenih lica Uprave prihoda i carina u krijum\u010darenju i drugih dr\u017eavnih organa, odgovornih lica privrednih dru\u0161tava koja se bave trgovinom cigaretama, ali i svih drugih lica.<\/p>\n<p>Tako\u0111e se utvr\u0111uje i da li su, osim krijum\u010darenja, u\u010dinjena i druga krivi\u010dna djela iz stvarne nadle\u017enosti Specijalnog dr\u017eavnog tu\u017eilastva.<\/p>\n<p>Iz SDT-a zaklju\u010duju da je po Zakoniku o krivi\u010dnom postupku, obaveza svih slu\u017ebenih lica dr\u017eavnih organa da prijave krivi\u010dna djela za koja se goni po slu\u017ebenoj du\u017enosti, za koja saznaju ili su obavije\u0161tena u vr\u0161enju svoje du\u017enosti, i da podnesu odgovaraju\u0107e i njima dostupne dokaze.<\/p>\n<p>TVCG je SDT kontaktirao povodom optu\u017ebi premijera Dritana Abazovi\u0107a i ministra odbrane Ra\u0161ka Konjevi\u0107a koje se odnose na \u0161verc cigareta, kokaina i imena biznismena Ranka Ubovi\u0107a, biv\u0161eg pomo\u0107nika direktora UP Zorana Lazovi\u0107a, biv\u0161eg \u010delnika Uprave prihoda i carina Rada Milo\u0161evi\u0107a, vlasnika \u0161pediterske firme Plejmejker \u0110or\u0111ija Pavi\u0107evi\u0107a i slu\u017ebenika ANB-a Draga Spi\u010danovi\u0107a, ali i sekretarke Vije\u0107a za nacionalnu bezvjednost za koju je Konjevi\u0107 saop\u0161tio da je bila u kontaktu s Ljubom Milovi\u0107em.<\/p>\n","protected":false},"excerpt":{"rendered":"<p>Povodom brojnih optu\u017ebi zvani\u010dnika Vlade iznijetih na ju\u010dera\u0161njoj sjednici Odbora za bezbjednost i odbranu, iz SDT-a su za TVCG saop\u0161tili da je ve\u0107 formirano vi\u0161e krivi\u010dnih predmeta povodom krijum\u010darenja cigareta, po krivi\u010dnim prijavama Uprave prihoda i carina, Uprave policije ili od strane Tu\u017eila\u0161tva, po slu\u017ebenoj du\u017enosti.<\/p>\n","protected":false},"author":1,"featured_media":319051,"comment_status":"open","ping_status":"closed","sticky":false,"template":"","format":"standard","meta":{"_seopress_robots_primary_cat":"","_seopress_titles_title":"","_seopress_titles_desc":"","_seopress_robots_index":"","_et_pb_use_builder":"","_et_pb_old_content":"","_et_gb_content_width":"","inline_featured_image":false,"footnotes":""},"categories":[14],"tags":[],"class_list":["post-357289","post","type-post","status-publish","format-standard","has-post-thumbnail","hentry","category-vijesti"],"_links":{"self":[{"href":"https:\/\/www.pcnen.com\/portal\/wp-json\/wp\/v2\/posts\/357289","targetHints":{"allow":["GET"]}}],"collection":[{"href":"https:\/\/www.pcnen.com\/portal\/wp-json\/wp\/v2\/posts"}],"about":[{"href":"https:\/\/www.pcnen.com\/portal\/wp-json\/wp\/v2\/types\/post"}],"author":[{"embeddable":true,"href":"https:\/\/www.pcnen.com\/portal\/wp-json\/wp\/v2\/users\/1"}],"replies":[{"embeddable":true,"href":"https:\/\/www.pcnen.com\/portal\/wp-json\/wp\/v2\/comments?post=357289"}],"version-history":[{"count":2,"href":"https:\/\/www.pcnen.com\/portal\/wp-json\/wp\/v2\/posts\/357289\/revisions"}],"predecessor-version":[{"id":357291,"href":"https:\/\/www.pcnen.com\/portal\/wp-json\/wp\/v2\/posts\/357289\/revisions\/357291"}],"wp:featuredmedia":[{"embeddable":true,"href":"https:\/\/www.pcnen.com\/portal\/wp-json\/wp\/v2\/media\/319051"}],"wp:attachment":[{"href":"https:\/\/www.pcnen.com\/portal\/wp-json\/wp\/v2\/media?parent=357289"}],"wp:term":[{"taxonomy":"category","embeddable":true,"href":"https:\/\/www.pcnen.com\/portal\/wp-json\/wp\/v2\/categories?post=357289"},{"taxonomy":"post_tag","embeddable":true,"href":"https:\/\/www.pcnen.com\/portal\/wp-json\/wp\/v2\/tags?post=357289"}],"curies":[{"name":"wp","href":"https:\/\/api.w.org\/{rel}","templated":true}]}}