{"id":357279,"date":"2022-10-18T10:56:05","date_gmt":"2022-10-18T08:56:05","guid":{"rendered":"https:\/\/www.pcnen.com\/portal\/?p=357279"},"modified":"2022-10-18T10:56:05","modified_gmt":"2022-10-18T08:56:05","slug":"poslanici-o-popisu-na-sjednici-1-novembra","status":"publish","type":"post","link":"https:\/\/www.pcnen.com\/portal\/2022\/10\/18\/poslanici-o-popisu-na-sjednici-1-novembra\/","title":{"rendered":"Poslanici o popisu na sjednici 1. novembra"},"content":{"rendered":"<p>Vlada je utvrdila Predlog zakona o popisu stanovni\u0161tva, doma\u0107instava i stanova na sjednici 2. juna.<\/p>\n<p>Popisom su, kako je tada saop\u0161teno, obuhva\u0107eni crnogorski dr\u017eavljani koji imaju prebivali\u0161te ili boravi\u0161te u Crnoj Gori bez obzira da li su prisutni u mjestu stanovanja ili privremeno borave u drugom mjestu u Crnoj Gori ili u drugoj dr\u017eavi i stranci koji imaju odobren stalni ili privremeni boravak, prenosi Mina<\/p>\n<p>O osobama koja se obuhvataju popisom prikupi\u0107e se podaci o imenu i prezimenu, polu, datumu ro\u0111enja i jedinstvenom mati\u010dnom broju, mjestu i dr\u017eavi ro\u0111enja, bra\u010dnom statusu, odnosno vanbra\u010dnoj zajednici, \u017eivotnom partnerstvu lica istog pola.<\/p>\n<p>Kako je saop\u0161teno, popis \u0107e obuhvatiti i podatke o dr\u017eavljanstvu, nacionalnoj, odnosno etni\u010dkoj pripadnosti, vjeri, maternjem i jeziku kojim lice uobi\u010dajeno govori.<\/p>\n<p>\u201cIzuzetno , ako lice ne \u017eeli da se izjasni o nacionalnoj, odnosno etni\u010dkoj pripadnosti, vjeri, maternjem i jeziku kojim lice uobi\u010dajeno govori, upisuje se odgovor \u201eNe \u017eeli da se izjasni\u201c\u201d, ka\u017ee se u predlo\u017eenom zakonu.<\/p>\n<p>Popis priprema, organizuje i sprovodi Uprava za statistiku, a popisna komisija se obrazuje za svaku jedinicu lokalne samouprave.<\/p>\n<p>\u201cPreliminarne rezultate popisa, po naseljima, jedinicama lokalne samouprave i za teritoriju Crne Gore o broju stanovnika, doma\u0107instava i stanova i drugih nastanjenih prostorija Uprava za statistiku \u0107e objaviti u roku od 30 dana od zavr\u0161etka popisa\u201d, ka\u017ee se u obrazlo\u017eenju.<\/p>\n<p>Za potrebe sprovo\u0111enja Popisa stanovni\u0161tva, doma\u0107instava i stanova planirana su bud\u017eetka sredstva od oko 3,3 miliona eura.<\/p>\n<p>Poslanici \u0107e se, na sjednici 1. novembra, izjasniti o vi\u0161e zakona koje je predlo\u017eila Vlada &#8211; obligacionim odnosima, parni\u010dnom i vanparni\u010dnom postupku, upravnom sporu, elektronskom dokumentu, efikasnom kori\u0161\u0107enju energije.<\/p>\n<p>Na dnevnom redu je Godi\u0161nji izvje\u0161taj o radu Centralne banke Crne Gore za 2019, 2020. i 2021. godinu i radu Savjeta za finansijsku stabilnost u tri prethodne godine.<\/p>\n<p>Poslanici \u0107e razmatrati izve\u0161taje o radu Tu\u017eila\u010dkog savjeta i Dr\u017eavnog tu\u017eila\u0161tva za pro\u0161lu godinu i radu Sudskog Savjeta i ukupnom stanju u sudstvu.<\/p>\n<p>Na dnevnom redu su i izvje\u0161taji o radu Agencije za sprje\u010davanje korupcije za pro\u0161lu godinu, Za\u0161titnika ljudskih prava i sloboda i Godi\u0161nji izvje\u0161taj o radu Nacionalnog mehanizma za prevenciju torture za 2020. i 2021. godinu.<\/p>\n","protected":false},"excerpt":{"rendered":"<p>Predlog zakona o popisu stanovni\u0161tva, doma\u0107instava i stanova razmatra\u0107e crnogorski parlament na sjednici koja je zakazana za 1. novembar. Kako je saop\u0161teno iz Skup\u0161tine, na dnevnom redu redovnog zasjedanja su jo\u0161 22 ta\u010dke dnevnog reda.<\/p>\n","protected":false},"author":1,"featured_media":0,"comment_status":"open","ping_status":"closed","sticky":false,"template":"","format":"standard","meta":{"_seopress_robots_primary_cat":"","_seopress_titles_title":"","_seopress_titles_desc":"","_seopress_robots_index":"","_et_pb_use_builder":"","_et_pb_old_content":"","_et_gb_content_width":"","inline_featured_image":false,"footnotes":""},"categories":[14],"tags":[],"class_list":["post-357279","post","type-post","status-publish","format-standard","hentry","category-vijesti"],"_links":{"self":[{"href":"https:\/\/www.pcnen.com\/portal\/wp-json\/wp\/v2\/posts\/357279","targetHints":{"allow":["GET"]}}],"collection":[{"href":"https:\/\/www.pcnen.com\/portal\/wp-json\/wp\/v2\/posts"}],"about":[{"href":"https:\/\/www.pcnen.com\/portal\/wp-json\/wp\/v2\/types\/post"}],"author":[{"embeddable":true,"href":"https:\/\/www.pcnen.com\/portal\/wp-json\/wp\/v2\/users\/1"}],"replies":[{"embeddable":true,"href":"https:\/\/www.pcnen.com\/portal\/wp-json\/wp\/v2\/comments?post=357279"}],"version-history":[{"count":1,"href":"https:\/\/www.pcnen.com\/portal\/wp-json\/wp\/v2\/posts\/357279\/revisions"}],"predecessor-version":[{"id":357280,"href":"https:\/\/www.pcnen.com\/portal\/wp-json\/wp\/v2\/posts\/357279\/revisions\/357280"}],"wp:attachment":[{"href":"https:\/\/www.pcnen.com\/portal\/wp-json\/wp\/v2\/media?parent=357279"}],"wp:term":[{"taxonomy":"category","embeddable":true,"href":"https:\/\/www.pcnen.com\/portal\/wp-json\/wp\/v2\/categories?post=357279"},{"taxonomy":"post_tag","embeddable":true,"href":"https:\/\/www.pcnen.com\/portal\/wp-json\/wp\/v2\/tags?post=357279"}],"curies":[{"name":"wp","href":"https:\/\/api.w.org\/{rel}","templated":true}]}}