{"id":357251,"date":"2022-10-17T11:53:08","date_gmt":"2022-10-17T09:53:08","guid":{"rendered":"https:\/\/www.pcnen.com\/portal\/?p=357251"},"modified":"2022-10-17T11:53:08","modified_gmt":"2022-10-17T09:53:08","slug":"df-dostavio-skupstini-izmjene-zakona-o-predsjedniku","status":"publish","type":"post","link":"https:\/\/www.pcnen.com\/portal\/2022\/10\/17\/df-dostavio-skupstini-izmjene-zakona-o-predsjedniku\/","title":{"rendered":"DF dostavio Skup\u0161tini izmjene zakona o predsjedniku"},"content":{"rendered":"<p>Ovaj predlog dolazi nakon \u0161to je predsjednik Crne Gore Milo \u0110ukanovi\u0107 odbio da da mandat lideru Demosa Miodragu Leki\u0107u za sastav nove Vlade. \u0110ukanovi\u0107 je to obrazlo\u017eio tvrdnjom da ne vjeruje da postoji parlamentarna podr\u0161ka Leki\u0107u.<\/p>\n<p>\u201cZahtijevamo hitni postupak dono\u0161enja ovog zakona zbog \u010dinjenice da Predsjednik Crne Gore nije, shodno svojoj ustavnoj obavezi dodijelio mandat za sastav Vlade kandidatu koji je dobio podr\u0161ku ve\u0107ine od ukupnog broja poslanika Skupstine Crne Gore, \u010dime je doveo u opasnost ustavni poredak Crne Gore. Imaju\u0107i u vidu ozbiljnost trenutka u kojem se Crna Gora na\u0161la i mogu\u0107e posljedice po dru\u0161tvo, koje treba hitno preduprijediti, predla\u017eemo da se shodno \u010dlanu 147 stav 2 Ustava Crne Gore donese odluka da pojedine odredbe ovog zakona, cijeneci javni interes, imaju povratno dejstvo\u201d, navodi DF.<\/p>\n<p>Jedan od lidera DF-a Milan Kne\u017eevi\u0107 u subotu na Prvoj TV kazao je da se o ovoj inicijativi ne mo\u017ee raspravljalti prije 1. ili 2. novembra jer je potrebno da istekne rok od 15 dana od dana predaje.<\/p>\n<p><a href=\"https:\/\/zakoni.skupstina.me\/zakoni\/web\/dokumenta\/zakoni-i-drugi-akti\/593\/2956-16960-00-34-22-1.pdf?fbclid=IwAR2jw-jKJB3qMgOpYiTGjFR-VQQaSgmkziULRZh9newy1khgXwtUBpmRDb0\"><strong>Predlog izmjena i dopuna zakona o predsjedniku Crne Gore<\/strong><\/a><\/p>\n","protected":false},"excerpt":{"rendered":"<p>Demokratski front je dostavio danas Skup\u0161tini predlog izmjena i dopuna zakona o predsjedniku Crne Gore, kojim se, izme\u0111u ostalog, preciziraju obaveze \u0161efa dr\u017eave prilikom predlaganja mandatara.<\/p>\n","protected":false},"author":1,"featured_media":287712,"comment_status":"open","ping_status":"closed","sticky":false,"template":"","format":"standard","meta":{"_seopress_robots_primary_cat":"","_seopress_titles_title":"","_seopress_titles_desc":"","_seopress_robots_index":"","_et_pb_use_builder":"","_et_pb_old_content":"","_et_gb_content_width":"","inline_featured_image":false,"footnotes":""},"categories":[14],"tags":[],"class_list":["post-357251","post","type-post","status-publish","format-standard","has-post-thumbnail","hentry","category-vijesti"],"_links":{"self":[{"href":"https:\/\/www.pcnen.com\/portal\/wp-json\/wp\/v2\/posts\/357251","targetHints":{"allow":["GET"]}}],"collection":[{"href":"https:\/\/www.pcnen.com\/portal\/wp-json\/wp\/v2\/posts"}],"about":[{"href":"https:\/\/www.pcnen.com\/portal\/wp-json\/wp\/v2\/types\/post"}],"author":[{"embeddable":true,"href":"https:\/\/www.pcnen.com\/portal\/wp-json\/wp\/v2\/users\/1"}],"replies":[{"embeddable":true,"href":"https:\/\/www.pcnen.com\/portal\/wp-json\/wp\/v2\/comments?post=357251"}],"version-history":[{"count":1,"href":"https:\/\/www.pcnen.com\/portal\/wp-json\/wp\/v2\/posts\/357251\/revisions"}],"predecessor-version":[{"id":357252,"href":"https:\/\/www.pcnen.com\/portal\/wp-json\/wp\/v2\/posts\/357251\/revisions\/357252"}],"wp:featuredmedia":[{"embeddable":true,"href":"https:\/\/www.pcnen.com\/portal\/wp-json\/wp\/v2\/media\/287712"}],"wp:attachment":[{"href":"https:\/\/www.pcnen.com\/portal\/wp-json\/wp\/v2\/media?parent=357251"}],"wp:term":[{"taxonomy":"category","embeddable":true,"href":"https:\/\/www.pcnen.com\/portal\/wp-json\/wp\/v2\/categories?post=357251"},{"taxonomy":"post_tag","embeddable":true,"href":"https:\/\/www.pcnen.com\/portal\/wp-json\/wp\/v2\/tags?post=357251"}],"curies":[{"name":"wp","href":"https:\/\/api.w.org\/{rel}","templated":true}]}}