{"id":357197,"date":"2022-10-16T17:20:09","date_gmt":"2022-10-16T15:20:09","guid":{"rendered":"https:\/\/www.pcnen.com\/portal\/?p=357197"},"modified":"2022-10-16T17:20:09","modified_gmt":"2022-10-16T15:20:09","slug":"ek-o-odnosima-cg-sa-susjedima","status":"publish","type":"post","link":"https:\/\/www.pcnen.com\/portal\/2022\/10\/16\/ek-o-odnosima-cg-sa-susjedima\/","title":{"rendered":"EK o odnosima CG sa susjedima"},"content":{"rendered":"<p>Odnosi sa Albanijom su i dalje dobri, uz povremene bilateralne posjete na visokom nivou. Pomorsko razgrani\u010denje izme\u0111u dvije zemlje ostaje na \u010dekanju.<\/p>\n<p>Odnosi sa Bosnom i Hercegovinom ostali su dobri. Dogovorena demarkacija granice tek treba da bude fizi\u010dki obilje\u017eena. Ostalo je da se postave tri zajedni\u010dka grani\u010dna prelaza.<\/p>\n<p>Odnosi sa Kosovom su ostali dobri. Crna Gora i Kosovo potpisali su Memorandum o razumijevanju o me\u0111usobnom priznavanju dokumenata osiguranja u prekograni\u010dnom saobra\u0107aju.<\/p>\n<p>Odnosi sa S.Makedonijom su ostali dobri. Predsjednik S.Makedonije posjetio je Crnu Goru u aprilu 2022.<\/p>\n<p>Odnosi sa Srbijom i dalje su izazovni, ali obje strane pokazuju ve\u0107u spremnost za resetovanje odnosa i rad na rje\u0161avanju otvorenih pitanja. Do\u0161lo je do ad hok politi\u010dkih sukoba izme\u0111u dva rukovodstva. Predsjednik Vlade Crne Gore boravio je u Beogradu u novembru 2021., junu 2022. i septembru 2022. godine, prenosi RTCG.<\/p>\n<p>Odnosi sa Turskom ostali su stabilni. Predsjednik Turske posjetio je zemlju u avgustu 2021. Zamjenik premijera i ministar zdravlja posjetili su Tursku u oktobru 2021.<\/p>\n<p>Odnosi sa Hrvatskom su generalno ostali dobri. Predsjednik Vlade odr\u017eao je bilateralni sastanak sa hrvatskim kolegom na marginama Samita CEI u Budvi u novembru 2021. Predsjednik Crne Gore je u decembru 2021. posjetio Hrvatsku. Nije bilo pomaka u vezi sa demarkacijom granice izme\u0111u Crne Gore i Hrvatske.<\/p>\n<p>Odnosi sa Italijom su ostali dobri. Ministar spoljnih poslova posetio je Italiju u decembru 2021. godine i imao bilateralne sastanke sa italijanskim Senatom i Komorom komuna.<\/p>\n","protected":false},"excerpt":{"rendered":"<p>Crna Gora generalno odr\u017eava dobre bilateralne odnose sa drugim zemljama u procesu pro\u0161irenja u regionu i sa susjednim dr\u017eavama \u010dlanicama EU, a odnose je obilje\u017eila kontinuirana saradnja i nekoliko posjeta na visokom nivou, pi\u0161e u Godi\u0161njem izvje\u0161taju Evrospke komisije o Crnoj Gori.<\/p>\n","protected":false},"author":1,"featured_media":287172,"comment_status":"open","ping_status":"closed","sticky":false,"template":"","format":"standard","meta":{"_seopress_robots_primary_cat":"","_seopress_titles_title":"","_seopress_titles_desc":"","_seopress_robots_index":"","_et_pb_use_builder":"","_et_pb_old_content":"","_et_gb_content_width":"","inline_featured_image":false,"footnotes":""},"categories":[14],"tags":[],"class_list":["post-357197","post","type-post","status-publish","format-standard","has-post-thumbnail","hentry","category-vijesti"],"_links":{"self":[{"href":"https:\/\/www.pcnen.com\/portal\/wp-json\/wp\/v2\/posts\/357197","targetHints":{"allow":["GET"]}}],"collection":[{"href":"https:\/\/www.pcnen.com\/portal\/wp-json\/wp\/v2\/posts"}],"about":[{"href":"https:\/\/www.pcnen.com\/portal\/wp-json\/wp\/v2\/types\/post"}],"author":[{"embeddable":true,"href":"https:\/\/www.pcnen.com\/portal\/wp-json\/wp\/v2\/users\/1"}],"replies":[{"embeddable":true,"href":"https:\/\/www.pcnen.com\/portal\/wp-json\/wp\/v2\/comments?post=357197"}],"version-history":[{"count":1,"href":"https:\/\/www.pcnen.com\/portal\/wp-json\/wp\/v2\/posts\/357197\/revisions"}],"predecessor-version":[{"id":357198,"href":"https:\/\/www.pcnen.com\/portal\/wp-json\/wp\/v2\/posts\/357197\/revisions\/357198"}],"wp:featuredmedia":[{"embeddable":true,"href":"https:\/\/www.pcnen.com\/portal\/wp-json\/wp\/v2\/media\/287172"}],"wp:attachment":[{"href":"https:\/\/www.pcnen.com\/portal\/wp-json\/wp\/v2\/media?parent=357197"}],"wp:term":[{"taxonomy":"category","embeddable":true,"href":"https:\/\/www.pcnen.com\/portal\/wp-json\/wp\/v2\/categories?post=357197"},{"taxonomy":"post_tag","embeddable":true,"href":"https:\/\/www.pcnen.com\/portal\/wp-json\/wp\/v2\/tags?post=357197"}],"curies":[{"name":"wp","href":"https:\/\/api.w.org\/{rel}","templated":true}]}}