{"id":357189,"date":"2022-10-16T11:40:19","date_gmt":"2022-10-16T09:40:19","guid":{"rendered":"https:\/\/www.pcnen.com\/portal\/?p=357189"},"modified":"2022-10-16T11:40:44","modified_gmt":"2022-10-16T09:40:44","slug":"penava-dolazak-porfirija-je-korak-u-krivom-smjeru","status":"publish","type":"post","link":"https:\/\/www.pcnen.com\/portal\/2022\/10\/16\/penava-dolazak-porfirija-je-korak-u-krivom-smjeru\/","title":{"rendered":"Penava: Dolazak Porfirija je korak u krivom smjeru"},"content":{"rendered":"<p>&#8220;Korak je to u krivom smjeru&#8221;, poru\u010dio je Penava,<a href=\"http:\/\/www.mediaservis.hr\/\"> prenosi mediaservis.hr.<\/a><\/p>\n<p>&#8220;Dolazak bilo koga ispred SPC nakon \u0161to je\u00a0ta crkva\u00a0dozvolila sebi da proklamuje jednog radikalnog \u010detnika u liku i djelu Vojislava \u0160e\u0161elja, osu\u0111enog ha\u0161kog zlo\u010dinca govori dovoljno samo za sebe. Dakle, s tim \u010dinom je, barem \u0161to se mene li\u010dno ti\u010de, napravila jedan korak u krivom smjeru. Napravljen korak u krivom smjeru je definitivno crta koju ja, i vjerujem velik broj Hrvata ne mo\u017eemo pri\u0107i, niti \u0107emo pre\u0107i&#8221;.<\/p>\n<p>Penava ka\u017ee kako je vi\u0161e o\u010dekivao od crkve i njenih poglavara koji bi trebalo da se zala\u017eu za zajedni\u0161tvo i mir.<\/p>\n<p>&#8220;Trebali su biti produhovljeniji i puno mudriji. Te brade duge su trebale ipak zna\u010diti i simbolizovati nekakvu mudrost, prosvijetljenost. Na\u017ealost, do\u017eivjeli smo ponovno u realizaciji SPC umjesto vjere i ljubavi i ekumenizma isklju\u010divo i onu istinsku nepatvorenu refleksiju srpske hegemonije&#8221;, kazao je Penava.<\/p>\n","protected":false},"excerpt":{"rendered":"<p>Gradona\u010delnik Vukovara Ivan Penava je komentarisao dolazak poglavara Srpske pravoslavne crkve patrijarha Porfirija u Vukovar na godi\u0161njicu\u00a0 pogibije generala Blaga Zadre.<\/p>\n","protected":false},"author":1,"featured_media":0,"comment_status":"open","ping_status":"closed","sticky":false,"template":"","format":"standard","meta":{"_seopress_robots_primary_cat":"","_seopress_titles_title":"","_seopress_titles_desc":"","_seopress_robots_index":"","_et_pb_use_builder":"","_et_pb_old_content":"","_et_gb_content_width":"","inline_featured_image":false,"footnotes":""},"categories":[14],"tags":[],"class_list":["post-357189","post","type-post","status-publish","format-standard","hentry","category-vijesti"],"_links":{"self":[{"href":"https:\/\/www.pcnen.com\/portal\/wp-json\/wp\/v2\/posts\/357189","targetHints":{"allow":["GET"]}}],"collection":[{"href":"https:\/\/www.pcnen.com\/portal\/wp-json\/wp\/v2\/posts"}],"about":[{"href":"https:\/\/www.pcnen.com\/portal\/wp-json\/wp\/v2\/types\/post"}],"author":[{"embeddable":true,"href":"https:\/\/www.pcnen.com\/portal\/wp-json\/wp\/v2\/users\/1"}],"replies":[{"embeddable":true,"href":"https:\/\/www.pcnen.com\/portal\/wp-json\/wp\/v2\/comments?post=357189"}],"version-history":[{"count":3,"href":"https:\/\/www.pcnen.com\/portal\/wp-json\/wp\/v2\/posts\/357189\/revisions"}],"predecessor-version":[{"id":357192,"href":"https:\/\/www.pcnen.com\/portal\/wp-json\/wp\/v2\/posts\/357189\/revisions\/357192"}],"wp:attachment":[{"href":"https:\/\/www.pcnen.com\/portal\/wp-json\/wp\/v2\/media?parent=357189"}],"wp:term":[{"taxonomy":"category","embeddable":true,"href":"https:\/\/www.pcnen.com\/portal\/wp-json\/wp\/v2\/categories?post=357189"},{"taxonomy":"post_tag","embeddable":true,"href":"https:\/\/www.pcnen.com\/portal\/wp-json\/wp\/v2\/tags?post=357189"}],"curies":[{"name":"wp","href":"https:\/\/api.w.org\/{rel}","templated":true}]}}