{"id":357136,"date":"2022-10-15T10:19:26","date_gmt":"2022-10-15T08:19:26","guid":{"rendered":"https:\/\/www.pcnen.com\/portal\/?p=357136"},"modified":"2022-10-15T10:19:26","modified_gmt":"2022-10-15T08:19:26","slug":"mandicu-i-sijanu-zabranjen-ulazak-u-cg","status":"publish","type":"post","link":"https:\/\/www.pcnen.com\/portal\/2022\/10\/15\/mandicu-i-sijanu-zabranjen-ulazak-u-cg\/","title":{"rendered":"Mandi\u0107u i \u0160ijanu zabranjen ulazak u CG"},"content":{"rendered":"<p>Njima je uru\u010deno rje\u0161enje Uprave policije kojim im se zabranjuje ulazak.<\/p>\n<p>Rje\u0161enje je donijeto jer je, kako se navodi, utvr\u0111eno da postoje razlozi nacionalne bezbjednosti koji su poznati ANB-u pa su ispunjeni uslovi da mu se zabrani ulazak.<\/p>\n<p>Mandi\u0107 i \u0160ijan \u010desto borave u Crnoj Gori i dosad nisu imali problem sa prelaskom crnogorske granice, niti se protiv njih vodi neki postupak u na\u0161oj dr\u017eavi, pi\u0161e portal jadrantrebinje.ba.<\/p>\n<p>Obojica su ve\u0107 poznati crnogorskoj javnosti, kada su uo\u010di izbora u Nik\u0161i\u0107u privo\u0111eni zbog sumnje da su unosili novac u Crnu Goru i kupovali glasove. U Nik\u0161i\u0107u je tada privedeno devet osoba. Mandi\u0107 je, biv\u0161i rukometa\u0161, \u010dlan Glavnog odbora SNS-a, a mediji ga opisuju kao povjerljivog \u010dovjeka te stranke za prljave poslove.<\/p>\n<p>Svojevremeno je optu\u017een, pa oslobo\u0111en za poku\u0161aj ubistva. Sin je Mom\u010dila Mandi\u0107a, nekada\u0161njeg ministra pravde u Vladi Radovana Karad\u017ei\u0107a.<\/p>\n<p>Zanimljivo je da je Mandi\u0107 nedavno privo\u0111en i u BiH, i to isto uo\u010di tamo\u0161njih izbora. Zajedno sa njim je privo\u0111en i Adam \u0160ukalo, tako\u0111e visoki funkcioner SNS-a. Policija je pretresla njihovo vozilo, nakon \u010dega su privedeni i saslu\u0161ani. Kako su objavili banjalu\u010dki mediji oni su privo\u0111eni zbog sumnji da su kupovali glasove za Jelenu Trivi\u0107 i Partiju demokratskog progresa Dra\u0161ka Stanivukovi\u0107a.<\/p>\n<p>Dane \u0160ijan se u medijima u Srbiji navodi kao bezbjednosno interesantna osoba. On je biv\u0161i golman Metaloplastike, Epoksida, Partizana, njema\u010dkog Flensburga kao i danskog Silkeborga. U srpsku politiku je u\u0161ao kada je zvani\u010dno pozivao na Vu\u010di\u0107ev miting u Beogradu 17. aprila 2019. godine. Taj miting je bio kontra odgovor Vu\u010di\u0107a na seriju mitinga opozicije koji su najozbiljnije ugrozili re\u017eim u Beogradu.<\/p>\n","protected":false},"excerpt":{"rendered":"<p>Crnogorska policija je sino\u0107 na grani\u010dnom prelazu Metaljka kod Pljevalja, nekoliko sati zadr\u017eala \u010dlanove Vu\u010di\u0107eve Srpske napredne stranke Vladimira Mandi\u0107a i Dana \u0160ijana, potvr\u0111eno je Anteni M iz Uprave policije. (Foto: Jadran Trebinje)<\/p>\n","protected":false},"author":1,"featured_media":357137,"comment_status":"open","ping_status":"closed","sticky":false,"template":"","format":"standard","meta":{"_seopress_robots_primary_cat":"","_seopress_titles_title":"","_seopress_titles_desc":"","_seopress_robots_index":"","_et_pb_use_builder":"","_et_pb_old_content":"","_et_gb_content_width":"","inline_featured_image":false,"footnotes":""},"categories":[14],"tags":[],"class_list":["post-357136","post","type-post","status-publish","format-standard","has-post-thumbnail","hentry","category-vijesti"],"_links":{"self":[{"href":"https:\/\/www.pcnen.com\/portal\/wp-json\/wp\/v2\/posts\/357136","targetHints":{"allow":["GET"]}}],"collection":[{"href":"https:\/\/www.pcnen.com\/portal\/wp-json\/wp\/v2\/posts"}],"about":[{"href":"https:\/\/www.pcnen.com\/portal\/wp-json\/wp\/v2\/types\/post"}],"author":[{"embeddable":true,"href":"https:\/\/www.pcnen.com\/portal\/wp-json\/wp\/v2\/users\/1"}],"replies":[{"embeddable":true,"href":"https:\/\/www.pcnen.com\/portal\/wp-json\/wp\/v2\/comments?post=357136"}],"version-history":[{"count":1,"href":"https:\/\/www.pcnen.com\/portal\/wp-json\/wp\/v2\/posts\/357136\/revisions"}],"predecessor-version":[{"id":357138,"href":"https:\/\/www.pcnen.com\/portal\/wp-json\/wp\/v2\/posts\/357136\/revisions\/357138"}],"wp:featuredmedia":[{"embeddable":true,"href":"https:\/\/www.pcnen.com\/portal\/wp-json\/wp\/v2\/media\/357137"}],"wp:attachment":[{"href":"https:\/\/www.pcnen.com\/portal\/wp-json\/wp\/v2\/media?parent=357136"}],"wp:term":[{"taxonomy":"category","embeddable":true,"href":"https:\/\/www.pcnen.com\/portal\/wp-json\/wp\/v2\/categories?post=357136"},{"taxonomy":"post_tag","embeddable":true,"href":"https:\/\/www.pcnen.com\/portal\/wp-json\/wp\/v2\/tags?post=357136"}],"curies":[{"name":"wp","href":"https:\/\/api.w.org\/{rel}","templated":true}]}}