{"id":357111,"date":"2022-10-14T21:35:35","date_gmt":"2022-10-14T19:35:35","guid":{"rendered":"https:\/\/www.pcnen.com\/portal\/?p=357111"},"modified":"2022-10-14T21:37:30","modified_gmt":"2022-10-14T19:37:30","slug":"ubicama-novinarke-dafne-karuane-galicije-po-40-godina-zatvora","status":"publish","type":"post","link":"https:\/\/www.pcnen.com\/portal\/2022\/10\/14\/ubicama-novinarke-dafne-karuane-galicije-po-40-godina-zatvora\/","title":{"rendered":"Ubicama novinarke Dafne Karuane Galicije po 40 godina zatvora"},"content":{"rendered":"<p>Kazne su izre\u010dene D\u017eord\u017eu i Alfredu De\u0111or\u0111u ve\u0107 prvog dana su\u0111enja. Oni su se na po\u010detku su\u0111enja jutros izjasnili da nisu krivi, ali su samo nekoliko sati kasnije promijenili iskaze.<\/p>\n<p>Ubistvo Dafne Karuane Galicije izazvalo je masovne proteste na Malti i dovelo do ostavke premijera D\u017eozefa Muskata, prenosi Srna.<\/p>\n<p>&#8220;Njihovo izja\u0161njavanje se promijenilo. Rekli su da su krivi&#8221;, izjavio je pred sudom advokat branilac Sajmon Mikalef Stafrejs uo\u010di izricanja presude, prenio je AFP.<\/p>\n<p>Istra\u017eiva\u010dka novinarka Karuana Galicija (53), koja je ubijena podmetanjem bombe u njen automobil, opisivana je kao &#8220;\u017eena-Vikiliks&#8221;, a ovaj doga\u0111aj izazvao je osude iz me\u0111unarodne zajednice.<\/p>\n<p>Ona je bila poznata po kritikovanju malte\u0161ke politi\u010dke elite, koju je u svom blogu optu\u017eivala za kronizam i korupciju.<\/p>\n<p>&#8220;Dana\u0161nja presuda je jo\u0161 jedan va\u017ean korak prema pravdi za prodicu Karuane Galicije&#8221;, napisao je na Twitteru premijer Malte Robert Abela.<\/p>\n<p>Su\u0111enje i dalje \u010deka bogati malte\u0161ki preduzetnik Jorgen Feneh, kojeg tu\u017eila\u0161tvo tereti da je organizator ubistva.<\/p>\n<p>Karuana Galicija pisala je o projektu &#8220;Mo\u017eura&#8221;.<\/p>\n<p><a href=\"https:\/\/www.pcnen.com\/portal\/?s=Dafne+Karuane+Galicije\">VEZANE VIJESTI<\/a><\/p>\n","protected":false},"excerpt":{"rendered":"<p>Dvojici bra\u0107e koji su prije pet godina ubili poznatu novinarku na Malti danas je izre\u010dena kazna od po 40 godina zatvora.<\/p>\n","protected":false},"author":1,"featured_media":278296,"comment_status":"open","ping_status":"closed","sticky":false,"template":"","format":"standard","meta":{"_seopress_robots_primary_cat":"","_seopress_titles_title":"","_seopress_titles_desc":"","_seopress_robots_index":"","_et_pb_use_builder":"","_et_pb_old_content":"","_et_gb_content_width":"","inline_featured_image":false,"footnotes":""},"categories":[14],"tags":[],"class_list":["post-357111","post","type-post","status-publish","format-standard","has-post-thumbnail","hentry","category-vijesti"],"_links":{"self":[{"href":"https:\/\/www.pcnen.com\/portal\/wp-json\/wp\/v2\/posts\/357111","targetHints":{"allow":["GET"]}}],"collection":[{"href":"https:\/\/www.pcnen.com\/portal\/wp-json\/wp\/v2\/posts"}],"about":[{"href":"https:\/\/www.pcnen.com\/portal\/wp-json\/wp\/v2\/types\/post"}],"author":[{"embeddable":true,"href":"https:\/\/www.pcnen.com\/portal\/wp-json\/wp\/v2\/users\/1"}],"replies":[{"embeddable":true,"href":"https:\/\/www.pcnen.com\/portal\/wp-json\/wp\/v2\/comments?post=357111"}],"version-history":[{"count":2,"href":"https:\/\/www.pcnen.com\/portal\/wp-json\/wp\/v2\/posts\/357111\/revisions"}],"predecessor-version":[{"id":357113,"href":"https:\/\/www.pcnen.com\/portal\/wp-json\/wp\/v2\/posts\/357111\/revisions\/357113"}],"wp:featuredmedia":[{"embeddable":true,"href":"https:\/\/www.pcnen.com\/portal\/wp-json\/wp\/v2\/media\/278296"}],"wp:attachment":[{"href":"https:\/\/www.pcnen.com\/portal\/wp-json\/wp\/v2\/media?parent=357111"}],"wp:term":[{"taxonomy":"category","embeddable":true,"href":"https:\/\/www.pcnen.com\/portal\/wp-json\/wp\/v2\/categories?post=357111"},{"taxonomy":"post_tag","embeddable":true,"href":"https:\/\/www.pcnen.com\/portal\/wp-json\/wp\/v2\/tags?post=357111"}],"curies":[{"name":"wp","href":"https:\/\/api.w.org\/{rel}","templated":true}]}}