{"id":357107,"date":"2022-10-14T19:11:37","date_gmt":"2022-10-14T17:11:37","guid":{"rendered":"https:\/\/www.pcnen.com\/portal\/?p=357107"},"modified":"2022-10-14T19:11:37","modified_gmt":"2022-10-14T17:11:37","slug":"rama-kurtiju-pogodi-ko-sam-video","status":"publish","type":"post","link":"https:\/\/www.pcnen.com\/portal\/2022\/10\/14\/rama-kurtiju-pogodi-ko-sam-video\/","title":{"rendered":"Rama Kurtiju: Pogodi ko sam (video)"},"content":{"rendered":"<p>On se prilikom pozdravljanja sa Kurtijem na\u0161alio, kada mu je pri\u0161ao sa le\u0111a, stavio ruke na o\u010di i pitao ga &#8220;pogodi ko sam&#8221;, prenosi Kosovo onlajn.<\/p>\n<p>Nakon toga su se pozdravili i zagrlili. Snimak susreta objavio je i albanski novinar Isa Miziraj.<\/p>\n<p><iframe loading=\"lazy\" style=\"border: none; overflow: hidden;\" src=\"https:\/\/www.facebook.com\/plugins\/video.php?height=316&amp;href=https%3A%2F%2Fwww.facebook.com%2Fmyzyraj%2Fvideos%2F2120040284865198%2F&amp;show_text=false&amp;width=560&amp;t=0\" width=\"560\" height=\"316\" frameborder=\"0\" scrolling=\"no\" allowfullscreen=\"allowfullscreen\"><\/iframe><\/p>\n","protected":false},"excerpt":{"rendered":"<p>Premijer Albanije Edi Rama je u Berlinu gdje u\u010destvuje na Kongresu Partije evropskih socijalista, a na svom Fejsbuku objavio je fotografije sa tog doga\u0111aja, na kojima je sa brojnim kolegama iz Njema\u010dke i inostranstva, ali i sa kosovskim premijerom Aljbinom Kurtijem.<\/p>\n","protected":false},"author":1,"featured_media":348150,"comment_status":"open","ping_status":"closed","sticky":false,"template":"","format":"standard","meta":{"_seopress_robots_primary_cat":"","_seopress_titles_title":"","_seopress_titles_desc":"","_seopress_robots_index":"","_et_pb_use_builder":"","_et_pb_old_content":"","_et_gb_content_width":"","inline_featured_image":false,"footnotes":""},"categories":[14],"tags":[],"class_list":["post-357107","post","type-post","status-publish","format-standard","has-post-thumbnail","hentry","category-vijesti"],"_links":{"self":[{"href":"https:\/\/www.pcnen.com\/portal\/wp-json\/wp\/v2\/posts\/357107","targetHints":{"allow":["GET"]}}],"collection":[{"href":"https:\/\/www.pcnen.com\/portal\/wp-json\/wp\/v2\/posts"}],"about":[{"href":"https:\/\/www.pcnen.com\/portal\/wp-json\/wp\/v2\/types\/post"}],"author":[{"embeddable":true,"href":"https:\/\/www.pcnen.com\/portal\/wp-json\/wp\/v2\/users\/1"}],"replies":[{"embeddable":true,"href":"https:\/\/www.pcnen.com\/portal\/wp-json\/wp\/v2\/comments?post=357107"}],"version-history":[{"count":1,"href":"https:\/\/www.pcnen.com\/portal\/wp-json\/wp\/v2\/posts\/357107\/revisions"}],"predecessor-version":[{"id":357108,"href":"https:\/\/www.pcnen.com\/portal\/wp-json\/wp\/v2\/posts\/357107\/revisions\/357108"}],"wp:featuredmedia":[{"embeddable":true,"href":"https:\/\/www.pcnen.com\/portal\/wp-json\/wp\/v2\/media\/348150"}],"wp:attachment":[{"href":"https:\/\/www.pcnen.com\/portal\/wp-json\/wp\/v2\/media?parent=357107"}],"wp:term":[{"taxonomy":"category","embeddable":true,"href":"https:\/\/www.pcnen.com\/portal\/wp-json\/wp\/v2\/categories?post=357107"},{"taxonomy":"post_tag","embeddable":true,"href":"https:\/\/www.pcnen.com\/portal\/wp-json\/wp\/v2\/tags?post=357107"}],"curies":[{"name":"wp","href":"https:\/\/api.w.org\/{rel}","templated":true}]}}