{"id":357084,"date":"2022-10-14T11:21:36","date_gmt":"2022-10-14T09:21:36","guid":{"rendered":"https:\/\/www.pcnen.com\/portal\/?p=357084"},"modified":"2022-10-14T11:21:36","modified_gmt":"2022-10-14T09:21:36","slug":"patrijarh-porfirije-ustolicen-u-peckoj-patrijarsiji","status":"publish","type":"post","link":"https:\/\/www.pcnen.com\/portal\/2022\/10\/14\/patrijarh-porfirije-ustolicen-u-peckoj-patrijarsiji\/","title":{"rendered":"Patrijarh Porfirije ustoli\u010den u Pe\u0107koj patrijar\u0161iji"},"content":{"rendered":"<p>Na tron arhiepiskopa uveli su ga najstariji arhijereji i to mitropolit dabrobosanski Hrizostom i mitropolit crnogorsko-primorski Joanikije.<\/p>\n<p>Mitropoliti su uru\u010dili patrijarhu simbole patrijarha \u2013 panagiju, odnosno ikonu koju episkop nosi na prsima, a na kojoj je predstavljena Bogorodica sa malim Hristom na rukama, dok je na drugoj strani Isus Hrist ili Sveta Trojica u vidu tri an\u0111ela, zatim \u017eezap-\u0161tap i sve\u010danu ode\u017edu-zelenu mantiju.<\/p>\n<p>Uvo\u0111enje u tron pratili su povici aksios, \u0161to zna\u010di dostojan.<\/p>\n<p>&nbsp;<\/p>\n<blockquote class=\"wp-embedded-content\" data-secret=\"26UUnlSf43\"><p><a href=\"https:\/\/www.pcnen.com\/portal\/2022\/10\/06\/spc-ustolicenje-patrijarha-porfirija-14-oktobra-u-peckoj-patrijarsiji\/\">SPC: Ustoli\u010denje patrijarha Porfirija 14. oktobra u Pe\u0107koj patrijar\u0161iji<\/a><\/p><\/blockquote>\n<p><iframe loading=\"lazy\" class=\"wp-embedded-content\" sandbox=\"allow-scripts\" security=\"restricted\" style=\"position: absolute; clip: rect(1px, 1px, 1px, 1px);\" title=\"&#8220;SPC: Ustoli\u010denje patrijarha Porfirija 14. oktobra u Pe\u0107koj patrijar\u0161iji&#8221; &#8212; PCNEN\" src=\"https:\/\/www.pcnen.com\/portal\/2022\/10\/06\/spc-ustolicenje-patrijarha-porfirija-14-oktobra-u-peckoj-patrijarsiji\/embed\/#?secret=9pgnYtGOrh#?secret=26UUnlSf43\" data-secret=\"26UUnlSf43\" width=\"600\" height=\"338\" frameborder=\"0\" marginwidth=\"0\" marginheight=\"0\" scrolling=\"no\"><\/iframe><\/p>\n","protected":false},"excerpt":{"rendered":"<p>Patrijarh srpski Porfirije ustoli\u010den je danas u tron arhiepiskopa pe\u0107kih i patrijarha srpskih u Pe\u0107koj patrijar\u0161iji na Kosovu i Metohiji.<\/p>\n","protected":false},"author":1,"featured_media":314438,"comment_status":"open","ping_status":"closed","sticky":false,"template":"","format":"standard","meta":{"_seopress_robots_primary_cat":"","_seopress_titles_title":"","_seopress_titles_desc":"","_seopress_robots_index":"","_et_pb_use_builder":"","_et_pb_old_content":"","_et_gb_content_width":"","inline_featured_image":false,"footnotes":""},"categories":[14],"tags":[],"class_list":["post-357084","post","type-post","status-publish","format-standard","has-post-thumbnail","hentry","category-vijesti"],"_links":{"self":[{"href":"https:\/\/www.pcnen.com\/portal\/wp-json\/wp\/v2\/posts\/357084","targetHints":{"allow":["GET"]}}],"collection":[{"href":"https:\/\/www.pcnen.com\/portal\/wp-json\/wp\/v2\/posts"}],"about":[{"href":"https:\/\/www.pcnen.com\/portal\/wp-json\/wp\/v2\/types\/post"}],"author":[{"embeddable":true,"href":"https:\/\/www.pcnen.com\/portal\/wp-json\/wp\/v2\/users\/1"}],"replies":[{"embeddable":true,"href":"https:\/\/www.pcnen.com\/portal\/wp-json\/wp\/v2\/comments?post=357084"}],"version-history":[{"count":1,"href":"https:\/\/www.pcnen.com\/portal\/wp-json\/wp\/v2\/posts\/357084\/revisions"}],"predecessor-version":[{"id":357085,"href":"https:\/\/www.pcnen.com\/portal\/wp-json\/wp\/v2\/posts\/357084\/revisions\/357085"}],"wp:featuredmedia":[{"embeddable":true,"href":"https:\/\/www.pcnen.com\/portal\/wp-json\/wp\/v2\/media\/314438"}],"wp:attachment":[{"href":"https:\/\/www.pcnen.com\/portal\/wp-json\/wp\/v2\/media?parent=357084"}],"wp:term":[{"taxonomy":"category","embeddable":true,"href":"https:\/\/www.pcnen.com\/portal\/wp-json\/wp\/v2\/categories?post=357084"},{"taxonomy":"post_tag","embeddable":true,"href":"https:\/\/www.pcnen.com\/portal\/wp-json\/wp\/v2\/tags?post=357084"}],"curies":[{"name":"wp","href":"https:\/\/api.w.org\/{rel}","templated":true}]}}