{"id":357081,"date":"2022-10-14T10:45:39","date_gmt":"2022-10-14T08:45:39","guid":{"rendered":"https:\/\/www.pcnen.com\/portal\/?p=357081"},"modified":"2022-10-14T10:45:39","modified_gmt":"2022-10-14T08:45:39","slug":"preminuo-branko-banjevic","status":"publish","type":"post","link":"https:\/\/www.pcnen.com\/portal\/2022\/10\/14\/preminuo-branko-banjevic\/","title":{"rendered":"Preminuo Branko Banjevi\u0107"},"content":{"rendered":"<p>Branko Banjevi\u0107 je ro\u0111en 1933. u Pje\u0161ivcima pokraj Nik\u0161i\u0107a, a gimnazije je u\u010dio u Nik\u0161i\u0107u i na Cetinju. Diplomirao je na Filozofskom fakultetu u Beogradu.<\/p>\n<p>Bio je profesor i novinar u Nik\u0161i\u0107u i Beogradu i predsjednik Matice crnogorske.<\/p>\n<p>Bio je urednik biblioteke LU\u010cA u Grafi\u010dkom zavodu, jedan od osniva\u010da PEN centra, dugogodi\u0161nji predsjednik Matice crnogorske i predsjednik Savjeta za standardizaciju crnogorskog jezika, prenosi AntenaM.<\/p>\n<p>Bio je i \u010dlan Crnogorskog dru\u0161tva nezavisnih knji\u017eevnika. Pisao poeziju, knji\u017eevnu kritiku i eseje.<\/p>\n<p>Dobitnik je Trinaestojulske nagrade za ediciju \u201eLu\u010da, antologija crnogorske knji\u017eevnosti\u201c.<\/p>\n<p>Priredio je za \u0161tampu izbor iz djela Petra II Petrovi\u0107a Njego\u0161a, Nikole I Petrovi\u0107a Njego\u0161a i dr.<\/p>\n","protected":false},"excerpt":{"rendered":"<p>Crnogorski knji\u017eevnik, knji\u017eevni kriti\u010dar, esejista, antologi\u010dar i urednik Branko Banjevi\u0107 preminuo je u 89. godini.<\/p>\n","protected":false},"author":1,"featured_media":357082,"comment_status":"open","ping_status":"closed","sticky":false,"template":"","format":"standard","meta":{"_seopress_robots_primary_cat":"","_seopress_titles_title":"","_seopress_titles_desc":"","_seopress_robots_index":"","_et_pb_use_builder":"","_et_pb_old_content":"","_et_gb_content_width":"","inline_featured_image":false,"footnotes":""},"categories":[14],"tags":[],"class_list":["post-357081","post","type-post","status-publish","format-standard","has-post-thumbnail","hentry","category-vijesti"],"_links":{"self":[{"href":"https:\/\/www.pcnen.com\/portal\/wp-json\/wp\/v2\/posts\/357081","targetHints":{"allow":["GET"]}}],"collection":[{"href":"https:\/\/www.pcnen.com\/portal\/wp-json\/wp\/v2\/posts"}],"about":[{"href":"https:\/\/www.pcnen.com\/portal\/wp-json\/wp\/v2\/types\/post"}],"author":[{"embeddable":true,"href":"https:\/\/www.pcnen.com\/portal\/wp-json\/wp\/v2\/users\/1"}],"replies":[{"embeddable":true,"href":"https:\/\/www.pcnen.com\/portal\/wp-json\/wp\/v2\/comments?post=357081"}],"version-history":[{"count":1,"href":"https:\/\/www.pcnen.com\/portal\/wp-json\/wp\/v2\/posts\/357081\/revisions"}],"predecessor-version":[{"id":357083,"href":"https:\/\/www.pcnen.com\/portal\/wp-json\/wp\/v2\/posts\/357081\/revisions\/357083"}],"wp:featuredmedia":[{"embeddable":true,"href":"https:\/\/www.pcnen.com\/portal\/wp-json\/wp\/v2\/media\/357082"}],"wp:attachment":[{"href":"https:\/\/www.pcnen.com\/portal\/wp-json\/wp\/v2\/media?parent=357081"}],"wp:term":[{"taxonomy":"category","embeddable":true,"href":"https:\/\/www.pcnen.com\/portal\/wp-json\/wp\/v2\/categories?post=357081"},{"taxonomy":"post_tag","embeddable":true,"href":"https:\/\/www.pcnen.com\/portal\/wp-json\/wp\/v2\/tags?post=357081"}],"curies":[{"name":"wp","href":"https:\/\/api.w.org\/{rel}","templated":true}]}}