{"id":357059,"date":"2022-10-13T19:12:27","date_gmt":"2022-10-13T17:12:27","guid":{"rendered":"https:\/\/www.pcnen.com\/portal\/?p=357059"},"modified":"2022-10-13T19:15:36","modified_gmt":"2022-10-13T17:15:36","slug":"dukanovic-knezevic-nikada-nije-bio-moj-prijatelj-isao-sam-na-proslavu-kao-prijatelj-knezevica","status":"publish","type":"post","link":"https:\/\/www.pcnen.com\/portal\/2022\/10\/13\/dukanovic-knezevic-nikada-nije-bio-moj-prijatelj-isao-sam-na-proslavu-kao-prijatelj-knezevica\/","title":{"rendered":"\u0110ukanovi\u0107: Kne\u017eevi\u0107 nikada nije bio moj prijatelj, i\u0161ao sam na proslavu kao prijatelj Kne\u017eevi\u0107a?"},"content":{"rendered":"<p>&#8220;Imam vrlo pa\u017eljiv odnos prema prijateljima, imam vrlo strogu selekciju prijatelja i on nikada nije bio dio tog kruga&#8221;, rekao je tada \u0110ukanovi\u0107 kada je komentarisao navode da je vlasnik ku\u0107e na Gorici.<\/p>\n<p><iframe loading=\"lazy\" title=\"YouTube video player\" src=\"https:\/\/www.youtube.com\/embed\/d_Q4qFv9SxE\" width=\"560\" height=\"315\" frameborder=\"0\" allowfullscreen=\"allowfullscreen\"><\/iframe><\/p>\n<p>Agencija za spre\u010davanje korupcije (ASK) utvrdila je da predsjednik Crne Gore Milo \u0110ukanovi\u0107 nije prekr\u0161io Zakon o spre\u010davanju korupcije putovanjem u Sen Trope o tro\u0161ku Kne\u017eevi\u0107a.<\/p>\n<p>U obrazlo\u017eenju koje je objavila Agencija za spre\u010davanje korupcije pi\u0161e da je \u0110ukanovi\u0107 kazao da je na proslavu koju je organizovao Kne\u017eevi\u0107 u Sen Tropeu i\u0161ao kao njegov prijatelj.<\/p>\n<p>&#8220;&#8230; javni funkcioner je istakao da je ta\u010dno da je u periodu od 26.06.2010. do 29.06. 2010. godine bio na putovanju u Sen Trope, da je tro\u0161kove putovanja snosio organizator, da je na predmetno putovanje bio zbog proslave &#8211; odbrane doktorskmog rada Du\u0161ka Kne\u017eevi\u0107a, te da u konkretnom javna funkcija koju je obavljao u tom momentu ni na koji na\u010din nije bila povezana sa putovanjem ve\u0107 je na proslavu i\u0161ao kao prijatelj Du\u0161ka Kne\u017eevi\u0107a&#8221;, navodi se izme\u0111u ostalog u obrazlo\u017eenju odluke ASK-a, koju je donijela 12. oktobra, nakon sprovedenog postupka, prenosi portal Vijesti.<\/p>\n","protected":false},"excerpt":{"rendered":"<p>Du\u0161ko Kne\u017eevi\u0107 nikada nije bio moj prijatelj, kazao je u januaru 2019. godine predsjednik Crne Gore Milo \u0110ukanovi\u0107.<\/p>\n","protected":false},"author":1,"featured_media":357061,"comment_status":"open","ping_status":"closed","sticky":false,"template":"","format":"standard","meta":{"_seopress_robots_primary_cat":"","_seopress_titles_title":"","_seopress_titles_desc":"","_seopress_robots_index":"","_et_pb_use_builder":"","_et_pb_old_content":"","_et_gb_content_width":"","inline_featured_image":false,"footnotes":""},"categories":[14],"tags":[],"class_list":["post-357059","post","type-post","status-publish","format-standard","has-post-thumbnail","hentry","category-vijesti"],"_links":{"self":[{"href":"https:\/\/www.pcnen.com\/portal\/wp-json\/wp\/v2\/posts\/357059","targetHints":{"allow":["GET"]}}],"collection":[{"href":"https:\/\/www.pcnen.com\/portal\/wp-json\/wp\/v2\/posts"}],"about":[{"href":"https:\/\/www.pcnen.com\/portal\/wp-json\/wp\/v2\/types\/post"}],"author":[{"embeddable":true,"href":"https:\/\/www.pcnen.com\/portal\/wp-json\/wp\/v2\/users\/1"}],"replies":[{"embeddable":true,"href":"https:\/\/www.pcnen.com\/portal\/wp-json\/wp\/v2\/comments?post=357059"}],"version-history":[{"count":1,"href":"https:\/\/www.pcnen.com\/portal\/wp-json\/wp\/v2\/posts\/357059\/revisions"}],"predecessor-version":[{"id":357060,"href":"https:\/\/www.pcnen.com\/portal\/wp-json\/wp\/v2\/posts\/357059\/revisions\/357060"}],"wp:featuredmedia":[{"embeddable":true,"href":"https:\/\/www.pcnen.com\/portal\/wp-json\/wp\/v2\/media\/357061"}],"wp:attachment":[{"href":"https:\/\/www.pcnen.com\/portal\/wp-json\/wp\/v2\/media?parent=357059"}],"wp:term":[{"taxonomy":"category","embeddable":true,"href":"https:\/\/www.pcnen.com\/portal\/wp-json\/wp\/v2\/categories?post=357059"},{"taxonomy":"post_tag","embeddable":true,"href":"https:\/\/www.pcnen.com\/portal\/wp-json\/wp\/v2\/tags?post=357059"}],"curies":[{"name":"wp","href":"https:\/\/api.w.org\/{rel}","templated":true}]}}