{"id":357053,"date":"2022-10-13T16:15:54","date_gmt":"2022-10-13T14:15:54","guid":{"rendered":"https:\/\/www.pcnen.com\/portal\/?p=357053"},"modified":"2022-10-13T16:16:16","modified_gmt":"2022-10-13T14:16:16","slug":"verici-maras-produzen-pritvor-za-30-dana","status":"publish","type":"post","link":"https:\/\/www.pcnen.com\/portal\/2022\/10\/13\/verici-maras-produzen-pritvor-za-30-dana\/","title":{"rendered":"Verici Mara\u0161 produ\u017een pritvor za 30 dana"},"content":{"rendered":"<p>Portparolka Vi\u0161eg suda u Podgorici Marija Rakovi\u0107 kazala je Vijestima da je vije\u0107e donijelo odluku da se produ\u017ei pritvor Mara\u0161, dok je danas Apelacioni sud potvrdio tu odluku.<\/p>\n<p>Mara\u0161 je 26. avgusta odlukom sudije za istragu Vi\u0161eg suda poslata u spu\u0161ki Istra\u017eni zatvor.<\/p>\n<p>Tu odluku sudija je tada donio prihvataju\u0107i predlog specijalnog tu\u017eioca Vukasa Radonji\u0107a da Mara\u0161evoj odredi pritvor do 30 dana.<\/p>\n<p>Mara\u0161 je uhap\u0161ena 24. avgusta zbog sumnje da je zloupotrijebila polo\u017eaj u privrednom poslovanju i da je procijenjena vrijednost \u0161tete koja joj se stavlja na teret vi\u0161e od pet miliona eura.<\/p>\n<blockquote class=\"wp-embedded-content\" data-secret=\"4iUXhcq2Tb\"><p><a href=\"https:\/\/www.pcnen.com\/portal\/2022\/08\/24\/uhapsena-verica-maras\/\">Uhap\u0161ena Verica Mara\u0161<\/a><\/p><\/blockquote>\n<p><iframe loading=\"lazy\" class=\"wp-embedded-content\" sandbox=\"allow-scripts\" security=\"restricted\" style=\"position: absolute; clip: rect(1px, 1px, 1px, 1px);\" title=\"&#8220;Uhap\u0161ena Verica Mara\u0161&#8221; &#8212; PCNEN\" src=\"https:\/\/www.pcnen.com\/portal\/2022\/08\/24\/uhapsena-verica-maras\/embed\/#?secret=tNfR59RfvE#?secret=4iUXhcq2Tb\" data-secret=\"4iUXhcq2Tb\" width=\"600\" height=\"338\" frameborder=\"0\" marginwidth=\"0\" marginheight=\"0\" scrolling=\"no\"><\/iframe><\/p>\n","protected":false},"excerpt":{"rendered":"<p>Apelacioni sud potvrdio je odluku vije\u0107a Vi\u0161eg suda u Podgorici kojom je biv\u0161oj izvr\u0161noj direktorici kompanije &#8220;13. jul &#8211; Planta\u017ee&#8221; Verici Mara\u0161 produ\u017een pritvor za jo\u0161 30 dana.<\/p>\n","protected":false},"author":1,"featured_media":353644,"comment_status":"open","ping_status":"closed","sticky":false,"template":"","format":"standard","meta":{"_seopress_robots_primary_cat":"","_seopress_titles_title":"","_seopress_titles_desc":"","_seopress_robots_index":"","_et_pb_use_builder":"","_et_pb_old_content":"","_et_gb_content_width":"","inline_featured_image":false,"footnotes":""},"categories":[14],"tags":[],"class_list":["post-357053","post","type-post","status-publish","format-standard","has-post-thumbnail","hentry","category-vijesti"],"_links":{"self":[{"href":"https:\/\/www.pcnen.com\/portal\/wp-json\/wp\/v2\/posts\/357053","targetHints":{"allow":["GET"]}}],"collection":[{"href":"https:\/\/www.pcnen.com\/portal\/wp-json\/wp\/v2\/posts"}],"about":[{"href":"https:\/\/www.pcnen.com\/portal\/wp-json\/wp\/v2\/types\/post"}],"author":[{"embeddable":true,"href":"https:\/\/www.pcnen.com\/portal\/wp-json\/wp\/v2\/users\/1"}],"replies":[{"embeddable":true,"href":"https:\/\/www.pcnen.com\/portal\/wp-json\/wp\/v2\/comments?post=357053"}],"version-history":[{"count":2,"href":"https:\/\/www.pcnen.com\/portal\/wp-json\/wp\/v2\/posts\/357053\/revisions"}],"predecessor-version":[{"id":357056,"href":"https:\/\/www.pcnen.com\/portal\/wp-json\/wp\/v2\/posts\/357053\/revisions\/357056"}],"wp:featuredmedia":[{"embeddable":true,"href":"https:\/\/www.pcnen.com\/portal\/wp-json\/wp\/v2\/media\/353644"}],"wp:attachment":[{"href":"https:\/\/www.pcnen.com\/portal\/wp-json\/wp\/v2\/media?parent=357053"}],"wp:term":[{"taxonomy":"category","embeddable":true,"href":"https:\/\/www.pcnen.com\/portal\/wp-json\/wp\/v2\/categories?post=357053"},{"taxonomy":"post_tag","embeddable":true,"href":"https:\/\/www.pcnen.com\/portal\/wp-json\/wp\/v2\/tags?post=357053"}],"curies":[{"name":"wp","href":"https:\/\/api.w.org\/{rel}","templated":true}]}}