{"id":357040,"date":"2022-10-13T12:36:38","date_gmt":"2022-10-13T10:36:38","guid":{"rendered":"https:\/\/www.pcnen.com\/portal\/?p=357040"},"modified":"2022-10-13T12:39:05","modified_gmt":"2022-10-13T10:39:05","slug":"knezevic-da-je-kentera-ostao-na-celu-anb-abazovic-bi-bio-sledeci-uhapseni","status":"publish","type":"post","link":"https:\/\/www.pcnen.com\/portal\/2022\/10\/13\/knezevic-da-je-kentera-ostao-na-celu-anb-abazovic-bi-bio-sledeci-uhapseni\/","title":{"rendered":"Kne\u017eevi\u0107: Da je Kentera ostao na \u010delu ANB, Abazovi\u0107 bi bio slede\u0107i uhap\u0161eni"},"content":{"rendered":"<p>\u201eDritan Abazovi\u0107 kao premijer koji je formalno pravno predlo\u017eio Kenteru na poziciju v.d. direktora ANB je najodgovorniji za ovo \u0161to se de\u0161ava u bezbjednosnom sektoru. Jasno je da su odre\u0111eni djelovi bezbjednosnog sektora, konkretno ANB i vojno obavje\u0161tajna slu\u017eba bili pod kontrolom Ra\u0161ka Konjevi\u0107a, Sava Kentere i Ranka Krivokapi\u0107a i imali su svoje izolovane akcije koje su poslednjih nedjelja usmjerene protiv Dritana Abazovi\u0107a\u201c, kazao je Kne\u017eevi\u0107.<\/p>\n<p>Lider DNP-a i predsjednik Odbora za bezbjednost i odbranu misli da je Kenterina smjena zaka\u0161njela i da je trebalo to napraviti mnogo ranije.<\/p>\n<p>\u201ePrva izjava Sava Kentere nakon smjene da oni koji nisu spremni da prihvate standarde koje on promovi\u0161e najbolje govori o tome ko je bio na \u010delu ANB-a i najbolje govori o tome \u0161ta su bile teme Agencije. Pretpostavljam da su to bili \u010delnici DF-a, Srpska pravoslavna crkva i svi oni koji se izja\u0161njavaju kao Srbi i koji gaje emocije prema Rusiji. Vratili smo se u 1948. samo u dopunjenom izdanju Srba i SPC i to je obilje\u017eilo rad Sava Kentere\u201c, kazao je Kne\u017eevi\u0107.<\/p>\n<p>On Kenteru do\u017eivljava kao agenta CIA \u0161to su potvrdili zapadni centri mo\u0107i koji samo \u0161to, kako navodi, nisu zalelekali za Savom Kenterom.<\/p>\n<p>\u201eTo najbolje govori i o tome da je Kentera bio proizvod zapadnih ambasada na mjestu direktora ANB-a a to pokazuje i koliko mi samostalno donosimo odluke\u201c, kazao je Kne\u017eevi\u0107.<\/p>\n<p>Komentari\u0161u\u0107i i nova imenovanja koja je sproveo novi v.d. direktor ANB-a, gdje je \u0161ef operativne tehnike u Zagori\u010du postavljen Bajo Popovi\u0107, a na\u010delnik PG Centra je Bojan Vuk\u010devi\u0107, biv\u0161i voza\u010d nekada\u0161njeg premijera Du\u0161ka Markovi\u0107a, Kne\u017eevi\u0107 ka\u017ee da ta imenovanja dominantno dolaze iz same Agencije i sigurno je bilo procjena ko \u0107e se na poziciju postaviti odnosno, postavljeni su na pozicije oni koji su bili u nemilosti Sava Kentere kada je on do\u0161ao na tu poziciju.<\/p>\n<p>\u201eMislim da je Agencija podijeljena na nekoliko klanova i pravo je pitanje kada \u0107e do\u0107i do javnih sukoba izme\u0111u njih. Imali smo i seriju tekstova o de\u0161avanjima unutar Agenciju. Vidim da je uticaj Artana Kurtija pobijedio i da je on neformalni direktor a Dritan Abazovi\u0107 \u0107e svakako snositi odgovornost za sve \u0161to se de\u0161avalo u bezbjednosnom sektoru. Savo Kentera vi\u0161e ne mo\u017ee biti predmet obrade onoga \u0161to se de\u0161ava a pomo\u0107nici Kentere su osobe koje su svakako bile bliske i Du\u0161ku Markovi\u0107u i Milu \u0110ukanovi\u0107u i Dejanu Peruni\u010di\u0107u, a bojim se i odre\u0111enim OKG\u201c, precizira Kne\u017eevi\u0107.<\/p>\n<blockquote class=\"wp-embedded-content\" data-secret=\"FwweBG3ULe\"><p><a href=\"https:\/\/www.pcnen.com\/portal\/2022\/10\/07\/kentera-vise-nije-na-celu-anb\/\">Kentera vi\u0161e nije na \u010delu ANB<\/a><\/p><\/blockquote>\n<p><iframe loading=\"lazy\" class=\"wp-embedded-content\" sandbox=\"allow-scripts\" security=\"restricted\" style=\"position: absolute; clip: rect(1px, 1px, 1px, 1px);\" title=\"&#8220;Kentera vi\u0161e nije na \u010delu ANB&#8221; &#8212; PCNEN\" src=\"https:\/\/www.pcnen.com\/portal\/2022\/10\/07\/kentera-vise-nije-na-celu-anb\/embed\/#?secret=Yhu91wE1ov#?secret=FwweBG3ULe\" data-secret=\"FwweBG3ULe\" width=\"600\" height=\"338\" frameborder=\"0\" marginwidth=\"0\" marginheight=\"0\" scrolling=\"no\"><\/iframe><\/p>\n","protected":false},"excerpt":{"rendered":"<p>Predsjednik Demokratske narodne partije i jedan od lidera Demokratskog fronta komentarisao je gostuju\u0107i na Prvoj televiziji smjenu v.d. direktora ANB-a Sava Kentere i kazao da je on jo\u0161 ranije upozoravao da \u0107e postavljanje Sava Kentere na tu poziciju izazvati bezbjednosni haos.<\/p>\n","protected":false},"author":1,"featured_media":293877,"comment_status":"open","ping_status":"closed","sticky":false,"template":"","format":"standard","meta":{"_seopress_robots_primary_cat":"","_seopress_titles_title":"","_seopress_titles_desc":"","_seopress_robots_index":"","_et_pb_use_builder":"","_et_pb_old_content":"","_et_gb_content_width":"","inline_featured_image":false,"footnotes":""},"categories":[14],"tags":[],"class_list":["post-357040","post","type-post","status-publish","format-standard","has-post-thumbnail","hentry","category-vijesti"],"_links":{"self":[{"href":"https:\/\/www.pcnen.com\/portal\/wp-json\/wp\/v2\/posts\/357040","targetHints":{"allow":["GET"]}}],"collection":[{"href":"https:\/\/www.pcnen.com\/portal\/wp-json\/wp\/v2\/posts"}],"about":[{"href":"https:\/\/www.pcnen.com\/portal\/wp-json\/wp\/v2\/types\/post"}],"author":[{"embeddable":true,"href":"https:\/\/www.pcnen.com\/portal\/wp-json\/wp\/v2\/users\/1"}],"replies":[{"embeddable":true,"href":"https:\/\/www.pcnen.com\/portal\/wp-json\/wp\/v2\/comments?post=357040"}],"version-history":[{"count":2,"href":"https:\/\/www.pcnen.com\/portal\/wp-json\/wp\/v2\/posts\/357040\/revisions"}],"predecessor-version":[{"id":357042,"href":"https:\/\/www.pcnen.com\/portal\/wp-json\/wp\/v2\/posts\/357040\/revisions\/357042"}],"wp:featuredmedia":[{"embeddable":true,"href":"https:\/\/www.pcnen.com\/portal\/wp-json\/wp\/v2\/media\/293877"}],"wp:attachment":[{"href":"https:\/\/www.pcnen.com\/portal\/wp-json\/wp\/v2\/media?parent=357040"}],"wp:term":[{"taxonomy":"category","embeddable":true,"href":"https:\/\/www.pcnen.com\/portal\/wp-json\/wp\/v2\/categories?post=357040"},{"taxonomy":"post_tag","embeddable":true,"href":"https:\/\/www.pcnen.com\/portal\/wp-json\/wp\/v2\/tags?post=357040"}],"curies":[{"name":"wp","href":"https:\/\/api.w.org\/{rel}","templated":true}]}}