{"id":357029,"date":"2022-10-13T09:54:00","date_gmt":"2022-10-13T07:54:00","guid":{"rendered":"https:\/\/www.pcnen.com\/portal\/?p=357029"},"modified":"2022-10-13T09:54:00","modified_gmt":"2022-10-13T07:54:00","slug":"stojkovic-spc-trazi-da-se-buduci-gradani-drze-u-neznanju","status":"publish","type":"post","link":"https:\/\/www.pcnen.com\/portal\/2022\/10\/13\/stojkovic-spc-trazi-da-se-buduci-gradani-drze-u-neznanju\/","title":{"rendered":"Stojkovi\u0107: SPC tra\u017ei da se budu\u0107i gra\u0111ani dr\u017ee u neznanju"},"content":{"rendered":"<p>&#8220;Jo\u0161 je gore ukoliko misle da \u0107e sve to nestati iz Srbije ukoliko se o tome ne govori. Nauka ne\u0107e bez borbe predati obrazovanje u ruke crkve. Borba o\u010digledno predstoji&#8221;, napisala je Stojkovi\u0107 u autorskom tekstu za nedjeljnik NIN, prenosi Beta.<\/p>\n<p>Po njenim rije\u010dima, mije\u0161anje crkve u obrazovnu politiku je suprotno Ustavu, jer se crkva sada &#8220;nametnula kao klju\u010dni arbitar u formiranju \u0161kolskih kurikuluma&#8221;.<\/p>\n<p>Crkva i desni\u010dari, kako je kazala, isti\u010du da pitanje roda ne pripada biolo\u0161koj nauci, ali ona navodi da se razvi\u0107e pola kako na fizi\u010dkom, tako i na psiholo\u0161kom planu, ne mora kod svakog pojedinca uklapati u dru\u0161tveno nametnute norme, odnosno rod.<\/p>\n<p>&#8220;Odnos izme\u0111u pola i roda jeste realan i uklju\u010duje biologiju koliko i psihologiju i sociologiju. O tome govori i Svjetska zdravstvena organizacija&#8221;, rekla je Stojkovi\u0107.<\/p>\n<p>Ona navodi da je druga zamjerka koja se najvi\u0161e nagla\u0161ava ta, da lekcija &#8220;Rodni i polni identitet&#8221; promovi\u0161e vrijednosti koje izlaze iz domena mu\u0161ko\/\u017eensko dihotomije.<\/p>\n<p>&#8220;Nije sasvim jasno kako pisanje o fenomenu koji postoji u realnosti mo\u017ee uraditi bilo \u0161ta drugo osim upoznavanja dece da \u0107e kroz \u017eivot susretati razli\u010dite ljude i u pogledu roda i u pogledu pola. Nau\u010di\u0107e i da druga\u010dije ljude ne posmatraju sa prezirom i mr\u017enjom&#8221;, istakla je profesorica.<\/p>\n","protected":false},"excerpt":{"rendered":"<p>Profesorica genetike i evolucije na Biolo\u0161kom fakultetu u Beogradu Biljana Stojkovi\u0107 je ocijenila da, zahtjevima za izuze\u0107e lekcija o &#8220;rodnom i polnom identitetu&#8221; iz \u0161kolskih ud\u017ebenika, Srpska pravoslavna crkva (SPC) tra\u017ei od prosvete da &#8220;budu\u0107e gra\u0111ane dr\u017ei u neznanju&#8221;.<\/p>\n","protected":false},"author":1,"featured_media":281551,"comment_status":"open","ping_status":"closed","sticky":false,"template":"","format":"standard","meta":{"_seopress_robots_primary_cat":"","_seopress_titles_title":"","_seopress_titles_desc":"","_seopress_robots_index":"","_et_pb_use_builder":"","_et_pb_old_content":"","_et_gb_content_width":"","inline_featured_image":false,"footnotes":""},"categories":[14],"tags":[],"class_list":["post-357029","post","type-post","status-publish","format-standard","has-post-thumbnail","hentry","category-vijesti"],"_links":{"self":[{"href":"https:\/\/www.pcnen.com\/portal\/wp-json\/wp\/v2\/posts\/357029","targetHints":{"allow":["GET"]}}],"collection":[{"href":"https:\/\/www.pcnen.com\/portal\/wp-json\/wp\/v2\/posts"}],"about":[{"href":"https:\/\/www.pcnen.com\/portal\/wp-json\/wp\/v2\/types\/post"}],"author":[{"embeddable":true,"href":"https:\/\/www.pcnen.com\/portal\/wp-json\/wp\/v2\/users\/1"}],"replies":[{"embeddable":true,"href":"https:\/\/www.pcnen.com\/portal\/wp-json\/wp\/v2\/comments?post=357029"}],"version-history":[{"count":1,"href":"https:\/\/www.pcnen.com\/portal\/wp-json\/wp\/v2\/posts\/357029\/revisions"}],"predecessor-version":[{"id":357030,"href":"https:\/\/www.pcnen.com\/portal\/wp-json\/wp\/v2\/posts\/357029\/revisions\/357030"}],"wp:featuredmedia":[{"embeddable":true,"href":"https:\/\/www.pcnen.com\/portal\/wp-json\/wp\/v2\/media\/281551"}],"wp:attachment":[{"href":"https:\/\/www.pcnen.com\/portal\/wp-json\/wp\/v2\/media?parent=357029"}],"wp:term":[{"taxonomy":"category","embeddable":true,"href":"https:\/\/www.pcnen.com\/portal\/wp-json\/wp\/v2\/categories?post=357029"},{"taxonomy":"post_tag","embeddable":true,"href":"https:\/\/www.pcnen.com\/portal\/wp-json\/wp\/v2\/tags?post=357029"}],"curies":[{"name":"wp","href":"https:\/\/api.w.org\/{rel}","templated":true}]}}