{"id":357004,"date":"2022-10-12T16:30:58","date_gmt":"2022-10-12T14:30:58","guid":{"rendered":"https:\/\/www.pcnen.com\/portal\/?p=357004"},"modified":"2023-01-10T10:02:37","modified_gmt":"2023-01-10T09:02:37","slug":"abazovic-nijesam-mislio-da-cu-nekad-u-zivotu-ovoliko-biti-u-fokusu-video","status":"publish","type":"post","link":"https:\/\/www.pcnen.com\/portal\/2022\/10\/12\/abazovic-nijesam-mislio-da-cu-nekad-u-zivotu-ovoliko-biti-u-fokusu-video\/","title":{"rendered":"Abazovi\u0107: Nijesam mislio da \u0107u nekad u \u017eivotu ovoliko biti u fokusu (video)"},"content":{"rendered":"<p>Premijer u tehni\u010dkom mandatu Dritan Abazovi\u0107 kazao je da ANB nastavlja na svojim akcijama kao i da \u0107e se uskoro znati za me\u0111unarodnu akciju u kojoj je u\u010destvovala Crna Gora.<\/p>\n<p>On je upitan da prokomentari\u0161e izjave biv\u0161eg direktora ANB, Sava Kentere &#8220;da su rukavice skinute pa ko \u0161to ponese&#8221;, rekao da je bez rukavica otkad je u politici.<br \/>\nAbazovi\u0107 je novinarima nakon sjednice Odbora za bezbjednost i odbranu, kazao da ne zna o kakvom je danas audio-snimku govorio poslanik DPS, Predrag Bo\u0161kovi\u0107.<\/p>\n<p>\u201cNe znam o kakvom audio snimku je rije\u010d. Sve \u0161to imaju neka objave. O\u010dekujem da se prljava kampanja zakuhta, \u010dudilo bi me ne\u0161to druga\u010dije od njih. Ja sam spreman i odlu\u010dan\u201d, poru\u010dio je Abazovi\u0107.<\/p>\n<p>On poru\u010duje i da smjenama u ANB nije ugro\u017eena nacionalna bezbjednost.<\/p>\n<p>\u201cTo je dio propagande. ANB nastavlja sa svojim akcijama. Bi\u0107ete obavje\u0161teni o jednoj me\u0111unarodnoj akciji u kojoj i mi u\u010destvujemo i koja je za veliku pohvalu. Sve pri\u010de da se na\u0161i partneri ljude su dio politi\u010dkog folklora\u201d, smatra Abazovi\u0107.<\/p>\n<p>Upitan o boravku u \u017denevi i da li je znao za univerzitet koji mu je uru\u010dio po\u010dasni doktorat Abazovi\u0107 odgovara:<\/p>\n<p>\u201cU\u017eivam u tekstovima vezanim za po\u010dasni doktorat. Mi univerzitete u \u017denevi tretiramo kao neke ovdje i u regiji. Sa ne\u010dim s \u010dime se ja ponosim, ne moraju drugi ljudi da se ponose. Ne \u010dude me ti tekstovi, kampanja je u toku, ali je meni taj pristup potpuno nerealan\u201d, rekao je Abazovi\u0107.<\/p>\n<p>\u201cNisam nikad u zivotu mislio da \u0107u do\u0107i u situaciji da u ovoj mjeri budem u fokusu, ali bo\u017ee moj\u201d, rekao je Abazovi\u0107.<\/p>\n<p>&nbsp;<\/p>\n<p><iframe loading=\"lazy\" style=\"border: none; overflow: hidden;\" src=\"https:\/\/www.facebook.com\/plugins\/video.php?height=476&amp;href=https%3A%2F%2Fwww.facebook.com%2Fabazovicdritan%2Fvideos%2F569008288329184%2F&amp;show_text=false&amp;width=267&amp;t=0\" width=\"267\" height=\"476\" frameborder=\"0\" scrolling=\"no\" allowfullscreen=\"allowfullscreen\"><\/iframe><\/p>\n","protected":false},"excerpt":{"rendered":"<p>Premijer u tehni\u010dkom mandatu Dritan Abazovi\u0107 kazao je da ANB nastavlja na svojim akcijama kao i da \u0107e se uskoro znati za me\u0111unarodnu akciju u kojoj je u\u010destvovala Crna Gora.<\/p>\n","protected":false},"author":1,"featured_media":349717,"comment_status":"open","ping_status":"closed","sticky":false,"template":"","format":"standard","meta":{"_seopress_robots_primary_cat":"","_seopress_titles_title":"","_seopress_titles_desc":"","_seopress_robots_index":"","_et_pb_use_builder":"","_et_pb_old_content":"","_et_gb_content_width":"","inline_featured_image":false,"footnotes":""},"categories":[14],"tags":[],"class_list":["post-357004","post","type-post","status-publish","format-standard","has-post-thumbnail","hentry","category-vijesti"],"_links":{"self":[{"href":"https:\/\/www.pcnen.com\/portal\/wp-json\/wp\/v2\/posts\/357004","targetHints":{"allow":["GET"]}}],"collection":[{"href":"https:\/\/www.pcnen.com\/portal\/wp-json\/wp\/v2\/posts"}],"about":[{"href":"https:\/\/www.pcnen.com\/portal\/wp-json\/wp\/v2\/types\/post"}],"author":[{"embeddable":true,"href":"https:\/\/www.pcnen.com\/portal\/wp-json\/wp\/v2\/users\/1"}],"replies":[{"embeddable":true,"href":"https:\/\/www.pcnen.com\/portal\/wp-json\/wp\/v2\/comments?post=357004"}],"version-history":[{"count":4,"href":"https:\/\/www.pcnen.com\/portal\/wp-json\/wp\/v2\/posts\/357004\/revisions"}],"predecessor-version":[{"id":362217,"href":"https:\/\/www.pcnen.com\/portal\/wp-json\/wp\/v2\/posts\/357004\/revisions\/362217"}],"wp:featuredmedia":[{"embeddable":true,"href":"https:\/\/www.pcnen.com\/portal\/wp-json\/wp\/v2\/media\/349717"}],"wp:attachment":[{"href":"https:\/\/www.pcnen.com\/portal\/wp-json\/wp\/v2\/media?parent=357004"}],"wp:term":[{"taxonomy":"category","embeddable":true,"href":"https:\/\/www.pcnen.com\/portal\/wp-json\/wp\/v2\/categories?post=357004"},{"taxonomy":"post_tag","embeddable":true,"href":"https:\/\/www.pcnen.com\/portal\/wp-json\/wp\/v2\/tags?post=357004"}],"curies":[{"name":"wp","href":"https:\/\/api.w.org\/{rel}","templated":true}]}}