{"id":356970,"date":"2022-10-12T10:11:06","date_gmt":"2022-10-12T08:11:06","guid":{"rendered":"https:\/\/www.pcnen.com\/portal\/?p=356970"},"modified":"2022-10-12T10:11:06","modified_gmt":"2022-10-12T08:11:06","slug":"iz-opstine-kotor-najavljuju-krivicne-prijave-protiv-ministara-zbog-table-u-morinju","status":"publish","type":"post","link":"https:\/\/www.pcnen.com\/portal\/2022\/10\/12\/iz-opstine-kotor-najavljuju-krivicne-prijave-protiv-ministara-zbog-table-u-morinju\/","title":{"rendered":"Iz Op\u0161tine Kotor najavljuju krivi\u010dne prijave protiv ministara zbog table u Morinju"},"content":{"rendered":"<p>\u201cOp\u0161tina Kotor \u0107e o ovom doga\u0111aju obavjestiti predsjednika Vlade Crne Gore s obzirom na to da je ovaj akt ura\u0111en od strane dva ministra, kako bi se do kraja utvrdilo da li su ispo\u0161tovane procedure u bilo kom obliku. U odnosu na odgovor premijera, preduzima\u0107emo korake koje nam zakon nala\u017ee&#8221;, izjavio je za Dan predsjednik Op\u0161tine Kotor Vladimir Joki\u0107 (Demokrate).<\/p>\n<p>Potvrdio je da se Op\u0161tini Kotor niko u ime ministarstava vanjskih poslova Crne Gore i Hrvatske nije obra\u0107ao sa zahtjevom za odobravanje postavljanja spomen-plo\u010de u Morinju.<\/p>\n<p>Naglasio je da se Op\u0161tina Kotor zala\u017ee i ni\u010dim ne protivi tome da se na lokalitetu Morinj postavi spomen-obilje\u017eje u skladu sa zakonom i u skladu sa nesporno utvr\u0111enim \u010dinjenicama koje su utvr\u0111ene pravosna\u017enom presudom suda Crne Gore.<\/p>\n<p>Dodaje da \u0107e Op\u0161tina Kotor, imaju\u0107i u vidu specifi\u010dnost tog pitanja i njegovu delikatnost, kao i uklju\u010denost drugih dr\u017eava u ovo pitanje, zahtijevati od Vlade Crne Gore da ona omogu\u0107i i stvori preduslove da se postavi &#8220;zakonito obilje\u017eje, \u0160to do sada nije Vlada Crne Gore nikada uradila, to jest da se omogu\u0107i da da dozvolu da se postavi spomen-obilje\u017eje za doga\u0111aj koji se desio prije manje od 50 godina&#8221;.<\/p>\n<blockquote class=\"wp-embedded-content\" data-secret=\"lIZzRZo5do\"><p><a href=\"https:\/\/www.pcnen.com\/portal\/2022\/10\/10\/otkrivena-spomen-ploca-u-morinju\/\">Otkrivena spomen plo\u010da u Morinju<\/a><\/p><\/blockquote>\n<p><iframe loading=\"lazy\" class=\"wp-embedded-content\" sandbox=\"allow-scripts\" security=\"restricted\" style=\"position: absolute; clip: rect(1px, 1px, 1px, 1px);\" title=\"&#8220;Otkrivena spomen plo\u010da u Morinju&#8221; &#8212; PCNEN\" src=\"https:\/\/www.pcnen.com\/portal\/2022\/10\/10\/otkrivena-spomen-ploca-u-morinju\/embed\/#?secret=NnOxsG08gn#?secret=lIZzRZo5do\" data-secret=\"lIZzRZo5do\" width=\"600\" height=\"338\" frameborder=\"0\" marginwidth=\"0\" marginheight=\"0\" scrolling=\"no\"><\/iframe><\/p>\n","protected":false},"excerpt":{"rendered":"<p>Op\u0161tina Kotor \u0107e od Vlade Crne Gore tra\u017eiti obja\u0161njenje da li je u slu\u010daju postavljanja spomen-plo\u010de na objektima nekada\u0161njeg logora u Morinju ispo\u0161tovana zakonom predvi\u0111ena procedura, ali i podnijeti krivi\u010dne prijave protiv ministara odbrane i vanjskih poslova, Ra\u0161ka Konjevi\u0107a i Ranka Krivokapi\u0107a koji su u ponedjeljak, 10. oktobra, sa hrvatskim zvani\u010dnicima, otkrili to spomen-obilje\u017eje.<\/p>\n","protected":false},"author":1,"featured_media":356878,"comment_status":"open","ping_status":"closed","sticky":false,"template":"","format":"standard","meta":{"_seopress_robots_primary_cat":"","_seopress_titles_title":"","_seopress_titles_desc":"","_seopress_robots_index":"","_et_pb_use_builder":"","_et_pb_old_content":"","_et_gb_content_width":"","inline_featured_image":false,"footnotes":""},"categories":[14],"tags":[],"class_list":["post-356970","post","type-post","status-publish","format-standard","has-post-thumbnail","hentry","category-vijesti"],"_links":{"self":[{"href":"https:\/\/www.pcnen.com\/portal\/wp-json\/wp\/v2\/posts\/356970","targetHints":{"allow":["GET"]}}],"collection":[{"href":"https:\/\/www.pcnen.com\/portal\/wp-json\/wp\/v2\/posts"}],"about":[{"href":"https:\/\/www.pcnen.com\/portal\/wp-json\/wp\/v2\/types\/post"}],"author":[{"embeddable":true,"href":"https:\/\/www.pcnen.com\/portal\/wp-json\/wp\/v2\/users\/1"}],"replies":[{"embeddable":true,"href":"https:\/\/www.pcnen.com\/portal\/wp-json\/wp\/v2\/comments?post=356970"}],"version-history":[{"count":1,"href":"https:\/\/www.pcnen.com\/portal\/wp-json\/wp\/v2\/posts\/356970\/revisions"}],"predecessor-version":[{"id":356972,"href":"https:\/\/www.pcnen.com\/portal\/wp-json\/wp\/v2\/posts\/356970\/revisions\/356972"}],"wp:featuredmedia":[{"embeddable":true,"href":"https:\/\/www.pcnen.com\/portal\/wp-json\/wp\/v2\/media\/356878"}],"wp:attachment":[{"href":"https:\/\/www.pcnen.com\/portal\/wp-json\/wp\/v2\/media?parent=356970"}],"wp:term":[{"taxonomy":"category","embeddable":true,"href":"https:\/\/www.pcnen.com\/portal\/wp-json\/wp\/v2\/categories?post=356970"},{"taxonomy":"post_tag","embeddable":true,"href":"https:\/\/www.pcnen.com\/portal\/wp-json\/wp\/v2\/tags?post=356970"}],"curies":[{"name":"wp","href":"https:\/\/api.w.org\/{rel}","templated":true}]}}