{"id":356952,"date":"2022-10-11T21:54:52","date_gmt":"2022-10-11T19:54:52","guid":{"rendered":"https:\/\/www.pcnen.com\/portal\/?p=356952"},"modified":"2022-10-11T21:54:52","modified_gmt":"2022-10-11T19:54:52","slug":"oblacno-sa-suncanim-periodima-2","status":"publish","type":"post","link":"https:\/\/www.pcnen.com\/portal\/2022\/10\/11\/oblacno-sa-suncanim-periodima-2\/","title":{"rendered":"Obla\u010dno sa sun\u010danim periodima"},"content":{"rendered":"<p>Ujutro, na sjeveru, po kotlinama \u0107e biti magla.<\/p>\n<p>Vjetar slab do umjeren, promjenljivog smjera, na primorju ponegdje umjeren do poja\u010dan, sjeverni. Jutarnja temperatura vazduha kreta\u0107e se od \u00a07 do 17, najvi\u0161a dnevna od 13 do 25 stepeni.<\/p>\n<p>U Podgorici \u0107e biti promjenljivo obla\u010dno sa du\u017eim sun\u010danim intervalima.<\/p>\n<p>Vjetar slab do umjeren bi\u0107e promjenljivog smjera.<\/p>\n<p>Jutarnja temperatura vazduha bi\u0107e oko 16, najvi\u0161a dnevna do 24 stepena.<\/p>\n<p><a href=\"http:\/\/www.meteo.co.me\/page.php?id=31\" target=\"_blank\" rel=\"noopener\">Ra\u010dunarska prognoza.<\/a><\/p>\n","protected":false},"excerpt":{"rendered":"<p>U Crnoj Gor \u0107e u srijedu biti promjenljivo obla\u010dno, sa du\u017eim sun\u010danim intervalima na jugu. Na sjeveriu \u0107e ponegdje biti i slaba kratkotrajna ki\u0161a.<\/p>\n","protected":false},"author":1,"featured_media":341422,"comment_status":"open","ping_status":"closed","sticky":false,"template":"","format":"standard","meta":{"_seopress_robots_primary_cat":"","_seopress_titles_title":"","_seopress_titles_desc":"","_seopress_robots_index":"","_et_pb_use_builder":"","_et_pb_old_content":"","_et_gb_content_width":"","inline_featured_image":false,"footnotes":""},"categories":[14],"tags":[],"class_list":["post-356952","post","type-post","status-publish","format-standard","has-post-thumbnail","hentry","category-vijesti"],"_links":{"self":[{"href":"https:\/\/www.pcnen.com\/portal\/wp-json\/wp\/v2\/posts\/356952","targetHints":{"allow":["GET"]}}],"collection":[{"href":"https:\/\/www.pcnen.com\/portal\/wp-json\/wp\/v2\/posts"}],"about":[{"href":"https:\/\/www.pcnen.com\/portal\/wp-json\/wp\/v2\/types\/post"}],"author":[{"embeddable":true,"href":"https:\/\/www.pcnen.com\/portal\/wp-json\/wp\/v2\/users\/1"}],"replies":[{"embeddable":true,"href":"https:\/\/www.pcnen.com\/portal\/wp-json\/wp\/v2\/comments?post=356952"}],"version-history":[{"count":1,"href":"https:\/\/www.pcnen.com\/portal\/wp-json\/wp\/v2\/posts\/356952\/revisions"}],"predecessor-version":[{"id":356953,"href":"https:\/\/www.pcnen.com\/portal\/wp-json\/wp\/v2\/posts\/356952\/revisions\/356953"}],"wp:featuredmedia":[{"embeddable":true,"href":"https:\/\/www.pcnen.com\/portal\/wp-json\/wp\/v2\/media\/341422"}],"wp:attachment":[{"href":"https:\/\/www.pcnen.com\/portal\/wp-json\/wp\/v2\/media?parent=356952"}],"wp:term":[{"taxonomy":"category","embeddable":true,"href":"https:\/\/www.pcnen.com\/portal\/wp-json\/wp\/v2\/categories?post=356952"},{"taxonomy":"post_tag","embeddable":true,"href":"https:\/\/www.pcnen.com\/portal\/wp-json\/wp\/v2\/tags?post=356952"}],"curies":[{"name":"wp","href":"https:\/\/api.w.org\/{rel}","templated":true}]}}