{"id":356944,"date":"2022-10-11T15:38:31","date_gmt":"2022-10-11T13:38:31","guid":{"rendered":"https:\/\/www.pcnen.com\/portal\/?p=356944"},"modified":"2022-10-11T15:38:31","modified_gmt":"2022-10-11T13:38:31","slug":"ustavni-odbor-odgodio-izjasnjenje-o-kandidatima-za-ustavni-sud","status":"publish","type":"post","link":"https:\/\/www.pcnen.com\/portal\/2022\/10\/11\/ustavni-odbor-odgodio-izjasnjenje-o-kandidatima-za-ustavni-sud\/","title":{"rendered":"Ustavni odbor odgodio izja\u0161njenje o kandidatima za Ustavni sud"},"content":{"rendered":"<p>Za izbor novih sudija Ustavnog suda je potrebna podr\u0161ka 54 poslanika u parlamentu, \u0161to u ovom trenutku nije izvjesno da \u0107e se desiti, imaju\u0107i u vidu politi\u010dku krizu u kojoj se Crna Gora nalazi.<\/p>\n<p>Predsjednica Ustavnog odbora Simonida Kordi\u0107 kazala je na sjednici da je obavije\u0161tena od \u0161efova poslani\u010dkih klubova da u ovom trenutku ne postoji finalizovana dvotre\u0107inska saglasnost oko \u010detiri sudije i da je potrebno vremena da bi omogu\u0107ili da se Ustavni sud kompletira.<\/p>\n<p>\u201eDa bismo omogu\u0107ili da se ostavi prostor za dodatne razgovore, ali da ne bi zloupotrijebili vrijeme, ja \u0107u dati pauzu za rad ovog odbora. Zakaza\u0107u nastavak rada Odbora za \u010detvrtak\u201d, rekla je Kordi\u0107.<\/p>\n<p>Najvi\u0161a sudska instanca u Crnoj Gori &#8211; Ustavni sud, od 13. septembra je bez kvoruma, jer prethodno nisu izabrane nove sudije.<\/p>\n<p>Iz Ustavnog odbora je saop\u0161teno da je za sudije Ustavnog suda konkurisalo 17 kandidata.<\/p>\n<blockquote class=\"wp-embedded-content\" data-secret=\"ZwG5yi6hSc\"><p><a href=\"https:\/\/www.pcnen.com\/portal\/2022\/10\/11\/ustavni-odbor-danas-predlaze-sudije\/\">Ustavni odbor danas predla\u017ee sudije<\/a><\/p><\/blockquote>\n<p><iframe loading=\"lazy\" class=\"wp-embedded-content\" sandbox=\"allow-scripts\" security=\"restricted\" style=\"position: absolute; clip: rect(1px, 1px, 1px, 1px);\" title=\"&#8220;Ustavni odbor danas predla\u017ee sudije&#8221; &#8212; PCNEN\" src=\"https:\/\/www.pcnen.com\/portal\/2022\/10\/11\/ustavni-odbor-danas-predlaze-sudije\/embed\/#?secret=9KgRbnTCTc#?secret=ZwG5yi6hSc\" data-secret=\"ZwG5yi6hSc\" width=\"600\" height=\"338\" frameborder=\"0\" marginwidth=\"0\" marginheight=\"0\" scrolling=\"no\"><\/iframe><\/p>\n","protected":false},"excerpt":{"rendered":"<p>Ustavni odbor Skup\u0161tine Crne Gore trebao je danas da utvrdi predlog za izbor \u010detvoro sudija Ustavnog suda, ali je izja\u0161njenje odgo\u0111eno za \u010detvrtak, 13. Oktobar.<\/p>\n","protected":false},"author":1,"featured_media":0,"comment_status":"open","ping_status":"closed","sticky":false,"template":"","format":"standard","meta":{"_seopress_robots_primary_cat":"","_seopress_titles_title":"","_seopress_titles_desc":"","_seopress_robots_index":"","_et_pb_use_builder":"","_et_pb_old_content":"","_et_gb_content_width":"","inline_featured_image":false,"footnotes":""},"categories":[14],"tags":[],"class_list":["post-356944","post","type-post","status-publish","format-standard","hentry","category-vijesti"],"_links":{"self":[{"href":"https:\/\/www.pcnen.com\/portal\/wp-json\/wp\/v2\/posts\/356944","targetHints":{"allow":["GET"]}}],"collection":[{"href":"https:\/\/www.pcnen.com\/portal\/wp-json\/wp\/v2\/posts"}],"about":[{"href":"https:\/\/www.pcnen.com\/portal\/wp-json\/wp\/v2\/types\/post"}],"author":[{"embeddable":true,"href":"https:\/\/www.pcnen.com\/portal\/wp-json\/wp\/v2\/users\/1"}],"replies":[{"embeddable":true,"href":"https:\/\/www.pcnen.com\/portal\/wp-json\/wp\/v2\/comments?post=356944"}],"version-history":[{"count":1,"href":"https:\/\/www.pcnen.com\/portal\/wp-json\/wp\/v2\/posts\/356944\/revisions"}],"predecessor-version":[{"id":356945,"href":"https:\/\/www.pcnen.com\/portal\/wp-json\/wp\/v2\/posts\/356944\/revisions\/356945"}],"wp:attachment":[{"href":"https:\/\/www.pcnen.com\/portal\/wp-json\/wp\/v2\/media?parent=356944"}],"wp:term":[{"taxonomy":"category","embeddable":true,"href":"https:\/\/www.pcnen.com\/portal\/wp-json\/wp\/v2\/categories?post=356944"},{"taxonomy":"post_tag","embeddable":true,"href":"https:\/\/www.pcnen.com\/portal\/wp-json\/wp\/v2\/tags?post=356944"}],"curies":[{"name":"wp","href":"https:\/\/api.w.org\/{rel}","templated":true}]}}