{"id":356911,"date":"2022-10-10T21:32:52","date_gmt":"2022-10-10T19:32:52","guid":{"rendered":"https:\/\/www.pcnen.com\/portal\/?p=356911"},"modified":"2022-10-10T21:32:52","modified_gmt":"2022-10-10T19:32:52","slug":"anima-zrtvama-je-vazno-da-ostane-trajno-sjecanje-a-nama-da-se-skine-sramota-sa-grada-kotora","status":"publish","type":"post","link":"https:\/\/www.pcnen.com\/portal\/2022\/10\/10\/anima-zrtvama-je-vazno-da-ostane-trajno-sjecanje-a-nama-da-se-skine-sramota-sa-grada-kotora\/","title":{"rendered":"ANIMA: \u017drtvama je va\u017eno da ostane trajno sje\u0107anje, a nama da se skine sramota sa grada Kotora"},"content":{"rendered":"<p>\u201cGodinama odr\u017eavaju\u0107i sje\u0107anje na taj zlo\u010din, tra\u017eile smo\u00a0 od vlasti Op\u0161tine Kotor\u00a0 da uradi taj \u010din kako bi proces tranzicione pravde za \u017ertve\u00a0 bio zavr\u0161en i kako bi gra\u0111anstvo Kotora moglo da nastavi \u017eivot u miru i su\u017eivotu. \u017dalimo zbog njihovog izostanka, \u017ealimo \u0161to ovo nisu ranije uradili jer njihova inicijativa I\u00a0 prisustvo nije bitno \u017ertvama nego nama.\u00a0 \u017drtvama je va\u017eno da ostane trajno sje\u0107anje, spomen plo\u010da, na njihovu patnju, a nama je va\u017eno da se skine sramota sa grada Kotora jer je to ra\u0111eno u ime njegovih gra\u0111ana\u201d, poru\u010deno je iz ANIMA.<\/p>\n<p>\u201cOvo \u0161to se danas u Morinju desilo, da grupa gra\u0111ana ometa stavljanje spomen\u00a0 plo\u010de je znak da su nacionalisti\u010dke snage, snage mr\u017enje,\u00a0 koje rade protiv zajedni\u010dkog \u017eivota i mira u Boki, jake i na\u017ealost bez svijesti o odgovornosti. Pozivati se na \u017ertve iz Crne Gore u ratu sa Hrvatskom u ovom trenutku je neprimjereno, jer je to proces koji treba da zavr\u0161i Hrvatska a ne smije da bude otpor sje\u0107anju i iscjeljenju gra\u0111ana Crne Gore. Nisu \u017ertve kusur za potkusurivanje i nadgornjavanje ve\u0107 ljudi koji su zbog suludih snova\u00a0 politi\u010dkih i dr\u017eavnih vo\u0111a mu\u010deni i ubijani od poslu\u0161nika\u00a0 i podr\u017eavatelja tih vo\u0111a I politika. Za nas proces \u0107e biti zavr\u0161en kada nalogodavci ovog zlo\u010dina budu progla\u0161eni odgovornima.<\/p>\n<p>Danas je dobar dan za Kotor.\u00a0 Danas je dobar\u00a0 dan za \u017ertve Logora Morinj. Gra\u0111anstvo ne smije dozvoliti da to \u0161to se tako dugo \u010dekalo sa ovim \u010dinom i \u0161to se gajilo neprijateljstvo unutar zajednice bude razlog za nastavak nasilja. Politi\u010dari zloupotrebljavaju svoju mo\u0107, pa i danas, ali nikada vi\u0161e ih ne smijemo slu\u0161ati u njihovim suludim zahtjevima kojima nas pozicioniraju protiv sugra\u0111ana\u201d.<\/p>\n","protected":false},"excerpt":{"rendered":"<p>Centar za \u017eensko i mirovno obrazovanje ANIMA iz Kotora je pozdravila postavljanje spomen plo\u010da\u00a0 u Morinju na mjestu gdje je tokom napada na Hrvatsku sa teritorije Crne Gore bio logor.<\/p>\n","protected":false},"author":1,"featured_media":325848,"comment_status":"open","ping_status":"closed","sticky":false,"template":"","format":"standard","meta":{"_seopress_robots_primary_cat":"","_seopress_titles_title":"","_seopress_titles_desc":"","_seopress_robots_index":"","_et_pb_use_builder":"","_et_pb_old_content":"","_et_gb_content_width":"","inline_featured_image":false,"footnotes":""},"categories":[14],"tags":[],"class_list":["post-356911","post","type-post","status-publish","format-standard","has-post-thumbnail","hentry","category-vijesti"],"_links":{"self":[{"href":"https:\/\/www.pcnen.com\/portal\/wp-json\/wp\/v2\/posts\/356911","targetHints":{"allow":["GET"]}}],"collection":[{"href":"https:\/\/www.pcnen.com\/portal\/wp-json\/wp\/v2\/posts"}],"about":[{"href":"https:\/\/www.pcnen.com\/portal\/wp-json\/wp\/v2\/types\/post"}],"author":[{"embeddable":true,"href":"https:\/\/www.pcnen.com\/portal\/wp-json\/wp\/v2\/users\/1"}],"replies":[{"embeddable":true,"href":"https:\/\/www.pcnen.com\/portal\/wp-json\/wp\/v2\/comments?post=356911"}],"version-history":[{"count":1,"href":"https:\/\/www.pcnen.com\/portal\/wp-json\/wp\/v2\/posts\/356911\/revisions"}],"predecessor-version":[{"id":356912,"href":"https:\/\/www.pcnen.com\/portal\/wp-json\/wp\/v2\/posts\/356911\/revisions\/356912"}],"wp:featuredmedia":[{"embeddable":true,"href":"https:\/\/www.pcnen.com\/portal\/wp-json\/wp\/v2\/media\/325848"}],"wp:attachment":[{"href":"https:\/\/www.pcnen.com\/portal\/wp-json\/wp\/v2\/media?parent=356911"}],"wp:term":[{"taxonomy":"category","embeddable":true,"href":"https:\/\/www.pcnen.com\/portal\/wp-json\/wp\/v2\/categories?post=356911"},{"taxonomy":"post_tag","embeddable":true,"href":"https:\/\/www.pcnen.com\/portal\/wp-json\/wp\/v2\/tags?post=356911"}],"curies":[{"name":"wp","href":"https:\/\/api.w.org\/{rel}","templated":true}]}}