{"id":356901,"date":"2022-10-10T20:10:51","date_gmt":"2022-10-10T18:10:51","guid":{"rendered":"https:\/\/www.pcnen.com\/portal\/?p=356901"},"modified":"2022-10-10T20:30:18","modified_gmt":"2022-10-10T18:30:18","slug":"spc-odlikovala-generala-osudenog-za-ratne-zlocine","status":"publish","type":"post","link":"https:\/\/www.pcnen.com\/portal\/2022\/10\/10\/spc-odlikovala-generala-osudenog-za-ratne-zlocine\/","title":{"rendered":"SPC odlikovala generala osu\u0111enog za ratne zlo\u010dine"},"content":{"rendered":"<p>Vladika mu je na sve\u010danosti uru\u010dio orden Surduli\u010dkih mu\u010denika, nakon prethodnog blagoslova Sinoda na predlog Saveta Eparhije vranjske, a za &#8220;negovanje \u010dovekoljublja i pravoslavnih vrednosti&#8221;, <a href=\"https:\/\/nova.rs\/vesti\/drustvo\/pahomije-odlikovao-haskog-osudjenika\/\">pi\u0161e Nova.rs.<\/a><\/p>\n<p>Lazarevi\u0107 je penzionisani general Vojske Jugoslavije, u Ha\u0161kom tribunalu osu\u0111en na 14 godina zatvora za komandnu odgovornost, pomaganje i podr\u017eavanje zlo\u010dina protiv \u010dove\u010dnosti, koji su obuhvatali deportaciju i prisilno preme\u0161tanje civila &#8211; kosovskih Albanaca.<\/p>\n<p>Nakon \u0161to je u zatvoru odle\u017eao dvije tre\u0107ine kazne, odlu\u010deno je da bude pu\u0161ten na slobodu.<\/p>\n<p>Ovo nije prva po\u010dast za Lazarevi\u0107a &#8211; prije nekoliko godina je progla\u0161en za po\u010dasnog gra\u0111anina ni\u0161ke op\u0161tine Pantelej.<\/p>\n","protected":false},"excerpt":{"rendered":"<p>U okviru proslave 690 godina postojanja manastira Svetog Nikole u Vranju, episkop vranjski vladika Pahomije odlikovao je ha\u0161kog osu\u0111enika Vladimira Lazarevi\u0107a.<\/p>\n","protected":false},"author":1,"featured_media":356902,"comment_status":"open","ping_status":"closed","sticky":false,"template":"","format":"standard","meta":{"_seopress_robots_primary_cat":"","_seopress_titles_title":"","_seopress_titles_desc":"","_seopress_robots_index":"","_et_pb_use_builder":"","_et_pb_old_content":"","_et_gb_content_width":"","inline_featured_image":false,"footnotes":""},"categories":[14],"tags":[],"class_list":["post-356901","post","type-post","status-publish","format-standard","has-post-thumbnail","hentry","category-vijesti"],"_links":{"self":[{"href":"https:\/\/www.pcnen.com\/portal\/wp-json\/wp\/v2\/posts\/356901","targetHints":{"allow":["GET"]}}],"collection":[{"href":"https:\/\/www.pcnen.com\/portal\/wp-json\/wp\/v2\/posts"}],"about":[{"href":"https:\/\/www.pcnen.com\/portal\/wp-json\/wp\/v2\/types\/post"}],"author":[{"embeddable":true,"href":"https:\/\/www.pcnen.com\/portal\/wp-json\/wp\/v2\/users\/1"}],"replies":[{"embeddable":true,"href":"https:\/\/www.pcnen.com\/portal\/wp-json\/wp\/v2\/comments?post=356901"}],"version-history":[{"count":4,"href":"https:\/\/www.pcnen.com\/portal\/wp-json\/wp\/v2\/posts\/356901\/revisions"}],"predecessor-version":[{"id":356906,"href":"https:\/\/www.pcnen.com\/portal\/wp-json\/wp\/v2\/posts\/356901\/revisions\/356906"}],"wp:featuredmedia":[{"embeddable":true,"href":"https:\/\/www.pcnen.com\/portal\/wp-json\/wp\/v2\/media\/356902"}],"wp:attachment":[{"href":"https:\/\/www.pcnen.com\/portal\/wp-json\/wp\/v2\/media?parent=356901"}],"wp:term":[{"taxonomy":"category","embeddable":true,"href":"https:\/\/www.pcnen.com\/portal\/wp-json\/wp\/v2\/categories?post=356901"},{"taxonomy":"post_tag","embeddable":true,"href":"https:\/\/www.pcnen.com\/portal\/wp-json\/wp\/v2\/tags?post=356901"}],"curies":[{"name":"wp","href":"https:\/\/api.w.org\/{rel}","templated":true}]}}