{"id":356895,"date":"2022-10-10T19:50:38","date_gmt":"2022-10-10T17:50:38","guid":{"rendered":"https:\/\/www.pcnen.com\/portal\/?p=356895"},"modified":"2022-10-10T19:50:38","modified_gmt":"2022-10-10T17:50:38","slug":"abazovic-razgovarao-sa-papom","status":"publish","type":"post","link":"https:\/\/www.pcnen.com\/portal\/2022\/10\/10\/abazovic-razgovarao-sa-papom\/","title":{"rendered":"Abazovi\u0107 razgovarao sa papom"},"content":{"rendered":"<p>&#8220;Ovaj susret je prirodan ishod politike koja na prvo mjesto stavlja \u010dovjeka i njegovo dostojanstvo i koja je spremna i na li\u010dne \u017ertve radi postizanja op\u0161teg dobra&#8221;, navodi se u saop\u0161tenju.<\/p>\n<p>Dodaju da su se Papa Franjo i Abazovi\u0107 saglasili da je posve\u0107enost stvaranju mostova izme\u0111u naroda i kultura u ovim grubim vremenima jedini pristup koji mo\u017ee doprijeti do srca ljudi i koji mo\u017ee povesti i region i svijet u boljem pravcu.<\/p>\n<p>Na poziv pape, premijer u tehni\u010dkom mandatu Dritan Abazovi\u0107 nalazi se u dvodnevnoj zvani\u010dnoj posjeti Svetoj Stolici.<\/p>\n<p>&nbsp;<\/p>\n<blockquote class=\"wp-embedded-content\" data-secret=\"m6qDdssAAI\"><p><a href=\"https:\/\/www.pcnen.com\/portal\/2022\/10\/09\/abazovic-u-posjeti-vatikanu\/\">Abazovi\u0107 u posjeti Vatikanu<\/a><\/p><\/blockquote>\n<p><iframe loading=\"lazy\" class=\"wp-embedded-content\" sandbox=\"allow-scripts\" security=\"restricted\" style=\"position: absolute; clip: rect(1px, 1px, 1px, 1px);\" title=\"&#8220;Abazovi\u0107 u posjeti Vatikanu&#8221; &#8212; PCNEN\" src=\"https:\/\/www.pcnen.com\/portal\/2022\/10\/09\/abazovic-u-posjeti-vatikanu\/embed\/#?secret=zDRoieWn1S#?secret=m6qDdssAAI\" data-secret=\"m6qDdssAAI\" width=\"600\" height=\"338\" frameborder=\"0\" marginwidth=\"0\" marginheight=\"0\" scrolling=\"no\"><\/iframe><\/p>\n","protected":false},"excerpt":{"rendered":"<p>Posjeta premijera Dritana Abazovi\u0107a Vatikanu i Papi Franju jo\u0161 je jedan dokaz da je na\u0161 rad na uspostavljanju duha \u010dovje\u010dnosti, razumijevanja i saosje\u0107anosti prepoznat i tamo gdje su te vrijednosti ve\u0107 dvije hiljade godina ideal kojem se te\u017ei, saop\u0161teno je iz Gra\u0111anskog pokreta URA.<\/p>\n","protected":false},"author":1,"featured_media":356896,"comment_status":"open","ping_status":"closed","sticky":false,"template":"","format":"standard","meta":{"_seopress_robots_primary_cat":"","_seopress_titles_title":"","_seopress_titles_desc":"","_seopress_robots_index":"","_et_pb_use_builder":"","_et_pb_old_content":"","_et_gb_content_width":"","inline_featured_image":false,"footnotes":""},"categories":[14],"tags":[],"class_list":["post-356895","post","type-post","status-publish","format-standard","has-post-thumbnail","hentry","category-vijesti"],"_links":{"self":[{"href":"https:\/\/www.pcnen.com\/portal\/wp-json\/wp\/v2\/posts\/356895","targetHints":{"allow":["GET"]}}],"collection":[{"href":"https:\/\/www.pcnen.com\/portal\/wp-json\/wp\/v2\/posts"}],"about":[{"href":"https:\/\/www.pcnen.com\/portal\/wp-json\/wp\/v2\/types\/post"}],"author":[{"embeddable":true,"href":"https:\/\/www.pcnen.com\/portal\/wp-json\/wp\/v2\/users\/1"}],"replies":[{"embeddable":true,"href":"https:\/\/www.pcnen.com\/portal\/wp-json\/wp\/v2\/comments?post=356895"}],"version-history":[{"count":1,"href":"https:\/\/www.pcnen.com\/portal\/wp-json\/wp\/v2\/posts\/356895\/revisions"}],"predecessor-version":[{"id":356897,"href":"https:\/\/www.pcnen.com\/portal\/wp-json\/wp\/v2\/posts\/356895\/revisions\/356897"}],"wp:featuredmedia":[{"embeddable":true,"href":"https:\/\/www.pcnen.com\/portal\/wp-json\/wp\/v2\/media\/356896"}],"wp:attachment":[{"href":"https:\/\/www.pcnen.com\/portal\/wp-json\/wp\/v2\/media?parent=356895"}],"wp:term":[{"taxonomy":"category","embeddable":true,"href":"https:\/\/www.pcnen.com\/portal\/wp-json\/wp\/v2\/categories?post=356895"},{"taxonomy":"post_tag","embeddable":true,"href":"https:\/\/www.pcnen.com\/portal\/wp-json\/wp\/v2\/tags?post=356895"}],"curies":[{"name":"wp","href":"https:\/\/api.w.org\/{rel}","templated":true}]}}