{"id":356829,"date":"2022-10-09T18:45:11","date_gmt":"2022-10-09T16:45:11","guid":{"rendered":"https:\/\/www.pcnen.com\/portal\/?p=356829"},"modified":"2022-10-09T18:45:11","modified_gmt":"2022-10-09T16:45:11","slug":"hrvatski-general-albanskog-porijekla-napustio-hgz","status":"publish","type":"post","link":"https:\/\/www.pcnen.com\/portal\/2022\/10\/09\/hrvatski-general-albanskog-porijekla-napustio-hgz\/","title":{"rendered":"Hrvatski general albanskog porijekla napustio HGZ"},"content":{"rendered":"<p>\u201cOvakvom odlukom su me duboko uvrijedili, ponizili i postupili kao da sam \u010detni\u010dki general. Pa gospodo moja, nije prostor HGZ-a privatna svojina, pa i ja imam pravo kao \u010dlan koristiti ga jednom u \u017eivotu. Umjesto da im bude drago da njihov \u010dlan dobije tu veliku nagradu, istu ve\u010der je netko iz Upravnog odbora dao portalima la\u017eu vijest \u2018kako je general Ademi tra\u017eio promociju svoje knjige od HGZ-a\u2019 \u0161to je la\u017e jer ja to nikada od njih nisam tra\u017eio\u201d, rekao je Ademi u obrazlo\u017eenju odluke koje prenosi portal <a href=\"https:\/\/www.vecernji.hr\/vijesti\/general-rahim-ademi-napustio-hgz-duboko-su-me-uvrijedili-ponizili-i-postupili-kao-da-sam-cetnicki-general-1623912\" target=\"_blank\" rel=\"noopener\">Ve\u010dernji.hr.<\/a><\/p>\n<p><a href=\"https:\/\/hr.wikipedia.org\/wiki\/Rahim_Ademi\" target=\"_blank\" rel=\"noopener\">Ademi<\/a> je u ljeto 1991. napustio JNA i dobrovoljno \u00a0pristupio Zboru nardne garde.<\/p>\n","protected":false},"excerpt":{"rendered":"<p>Penzionisani general Rahim Ademi je napustio Hrvatski generalski zbor (HGZ), nakon \u0161to dodjela priznanja za njegovu knjigu \u201cSamo istina\u201d nije odr\u017eana u prostorijama HGZ u Zagrebu, kako je najavljeno u medijima, ve\u0107 u biblioteci Bogdana Ogrizovi\u0107a.<\/p>\n","protected":false},"author":1,"featured_media":284318,"comment_status":"open","ping_status":"closed","sticky":false,"template":"","format":"standard","meta":{"_seopress_robots_primary_cat":"","_seopress_titles_title":"","_seopress_titles_desc":"","_seopress_robots_index":"","_et_pb_use_builder":"","_et_pb_old_content":"","_et_gb_content_width":"","inline_featured_image":false,"footnotes":""},"categories":[14],"tags":[],"class_list":["post-356829","post","type-post","status-publish","format-standard","has-post-thumbnail","hentry","category-vijesti"],"_links":{"self":[{"href":"https:\/\/www.pcnen.com\/portal\/wp-json\/wp\/v2\/posts\/356829","targetHints":{"allow":["GET"]}}],"collection":[{"href":"https:\/\/www.pcnen.com\/portal\/wp-json\/wp\/v2\/posts"}],"about":[{"href":"https:\/\/www.pcnen.com\/portal\/wp-json\/wp\/v2\/types\/post"}],"author":[{"embeddable":true,"href":"https:\/\/www.pcnen.com\/portal\/wp-json\/wp\/v2\/users\/1"}],"replies":[{"embeddable":true,"href":"https:\/\/www.pcnen.com\/portal\/wp-json\/wp\/v2\/comments?post=356829"}],"version-history":[{"count":1,"href":"https:\/\/www.pcnen.com\/portal\/wp-json\/wp\/v2\/posts\/356829\/revisions"}],"predecessor-version":[{"id":356830,"href":"https:\/\/www.pcnen.com\/portal\/wp-json\/wp\/v2\/posts\/356829\/revisions\/356830"}],"wp:featuredmedia":[{"embeddable":true,"href":"https:\/\/www.pcnen.com\/portal\/wp-json\/wp\/v2\/media\/284318"}],"wp:attachment":[{"href":"https:\/\/www.pcnen.com\/portal\/wp-json\/wp\/v2\/media?parent=356829"}],"wp:term":[{"taxonomy":"category","embeddable":true,"href":"https:\/\/www.pcnen.com\/portal\/wp-json\/wp\/v2\/categories?post=356829"},{"taxonomy":"post_tag","embeddable":true,"href":"https:\/\/www.pcnen.com\/portal\/wp-json\/wp\/v2\/tags?post=356829"}],"curies":[{"name":"wp","href":"https:\/\/api.w.org\/{rel}","templated":true}]}}