{"id":356825,"date":"2022-10-09T18:27:42","date_gmt":"2022-10-09T16:27:42","guid":{"rendered":"https:\/\/www.pcnen.com\/portal\/?p=356825"},"modified":"2022-10-09T18:27:42","modified_gmt":"2022-10-09T16:27:42","slug":"njemacka-na-udaru-sabotera","status":"publish","type":"post","link":"https:\/\/www.pcnen.com\/portal\/2022\/10\/09\/njemacka-na-udaru-sabotera\/","title":{"rendered":"Njema\u010dka na udaru \u2018sabotera\u2019"},"content":{"rendered":"<p>Drugi put u dvije sedmice, Njema\u010dku su potresle sabota\u017ee na infrastrukturi. Nakon miniranja gasovoda Sjeverni tok, u subotu (8. oktobar) je \u017eeljezni\u010dki saobra\u0107aj umrtvljen u velikom dijelu zemlje jer je neko presjekao komunikacione kablove, pi\u0161e DW.<\/p>\n<p>Do sada je utvr\u0111eno da su kablovi isje\u010deni u \u0161ahtovima u Berlinu i nadomak Dortmunda, a svi zvani\u010dnici su govorili o \u2018sabota\u017ei\u2019. Istraga se vodi, po\u010dinioci su jo\u0161 nepoznati.<\/p>\n<p>Takvi udari bi mogli biti sve \u010de\u0161\u0107i, tvrdi general Bundesvera Karsten Brojer. \u201cSvaka trafostanica, svaka elektrana, svaki gasovod mo\u017ee biti potencijalni cilj napada\u201c, rekao je on za list Bild.<\/p>\n<p>Stru\u010dnjak za terorizam Peter Nojman je rekao da nema dokaza i da treba biti oprezan u procjenama, ali da je \u201cveoma plauzibilno\u201c da Rusija ima koristi od napada.<\/p>\n<p>\u201cRusija ima interes da izazove paniku u Evropi i poka\u017ee da \u017eestoko mo\u017ee da uzdrma na\u0161 \u017eivot\u201c, rekao je on za televiziju RTL, <a href=\"https:\/\/www.dw.com\/sr\/pruge-gasovodi-elektrane-sve-mo%C5%BEe-biti-cilj-napada\/a-63384282\" target=\"_blank\" rel=\"noopener\">prenosi DW.<\/a><\/p>\n","protected":false},"excerpt":{"rendered":"<p>\u2018Sabota\u017ea\u2019 komunikacionih kablova bila je razlog blokade \u017eeljezni\u010dkog saobra\u0107aja u subotu. General Bundesvera upozorava da je to tek po\u010detak \u201ehibridnog rata\u201c u jeku ruske agresije na Ukrajinu.<\/p>\n","protected":false},"author":1,"featured_media":0,"comment_status":"open","ping_status":"closed","sticky":false,"template":"","format":"standard","meta":{"_seopress_robots_primary_cat":"","_seopress_titles_title":"","_seopress_titles_desc":"","_seopress_robots_index":"","_et_pb_use_builder":"","_et_pb_old_content":"","_et_gb_content_width":"","inline_featured_image":false,"footnotes":""},"categories":[14],"tags":[2402,2390],"class_list":["post-356825","post","type-post","status-publish","format-standard","hentry","category-vijesti","tag-njemacka-zeljeznica","tag-sabotaza"],"_links":{"self":[{"href":"https:\/\/www.pcnen.com\/portal\/wp-json\/wp\/v2\/posts\/356825","targetHints":{"allow":["GET"]}}],"collection":[{"href":"https:\/\/www.pcnen.com\/portal\/wp-json\/wp\/v2\/posts"}],"about":[{"href":"https:\/\/www.pcnen.com\/portal\/wp-json\/wp\/v2\/types\/post"}],"author":[{"embeddable":true,"href":"https:\/\/www.pcnen.com\/portal\/wp-json\/wp\/v2\/users\/1"}],"replies":[{"embeddable":true,"href":"https:\/\/www.pcnen.com\/portal\/wp-json\/wp\/v2\/comments?post=356825"}],"version-history":[{"count":1,"href":"https:\/\/www.pcnen.com\/portal\/wp-json\/wp\/v2\/posts\/356825\/revisions"}],"predecessor-version":[{"id":356828,"href":"https:\/\/www.pcnen.com\/portal\/wp-json\/wp\/v2\/posts\/356825\/revisions\/356828"}],"wp:attachment":[{"href":"https:\/\/www.pcnen.com\/portal\/wp-json\/wp\/v2\/media?parent=356825"}],"wp:term":[{"taxonomy":"category","embeddable":true,"href":"https:\/\/www.pcnen.com\/portal\/wp-json\/wp\/v2\/categories?post=356825"},{"taxonomy":"post_tag","embeddable":true,"href":"https:\/\/www.pcnen.com\/portal\/wp-json\/wp\/v2\/tags?post=356825"}],"curies":[{"name":"wp","href":"https:\/\/api.w.org\/{rel}","templated":true}]}}