{"id":356810,"date":"2022-10-09T10:59:46","date_gmt":"2022-10-09T08:59:46","guid":{"rendered":"https:\/\/www.pcnen.com\/portal\/?p=356810"},"modified":"2022-10-09T10:59:46","modified_gmt":"2022-10-09T08:59:46","slug":"milic-pricao-o-sumnjivim-kontaktima-unutar-sluzbe","status":"publish","type":"post","link":"https:\/\/www.pcnen.com\/portal\/2022\/10\/09\/milic-pricao-o-sumnjivim-kontaktima-unutar-sluzbe\/","title":{"rendered":"Mili\u0107 pri\u010dao o sumnjivim kontaktima unutar slu\u017ebe"},"content":{"rendered":"<p>Izvori Vijesti iz ANB-a navode da je po nalogu tu\u017eila\u0161tva, osim od Mili\u0107a, policija uzela izjave od vi\u0161e visokopozicioniranih operativaca i slu\u017ebenika ANB-a.<\/p>\n<p>Mili\u0107 skoro trideset godina pokriva pozicije u sklopu bezbjednosnih institucija Crne Gore. Do 2022. godine bio je na\u010delnika sektora u ANB za kontraobavje\u0161tajnu za\u0161titu, kada ga je smijenio tada\u0161nji \u0161ef tajne slu\u017ebe Dejan Vuk\u0161i\u0107.<\/p>\n<p>Do imenovanja za v. d. \u0161efa tajne slu\u017ebe, Mili\u0107 je obavljao funkciju savjetnika direktora ANB-a. Izvori \u201cVijesti\u201d iz Vlade i bezbjednosnih krugova opisuju ga kao prozapadnog \u010dovjeka.<\/p>\n<p>Prema saznanjima Vijesti, Mili\u0107 je najvi\u0161e vremena u ANB-u proveo kao operativac slu\u017ebe zadu\u017een za aerodrom.<\/p>\n<blockquote class=\"wp-embedded-content\" data-secret=\"QEaXjVpceS\"><p><a href=\"https:\/\/www.pcnen.com\/portal\/2022\/10\/08\/boris-milic-v-d-direktor-anb\/\">Boris Mili\u0107 v.d. direktor ANB<\/a><\/p><\/blockquote>\n<p><iframe loading=\"lazy\" class=\"wp-embedded-content\" sandbox=\"allow-scripts\" security=\"restricted\" style=\"position: absolute; clip: rect(1px, 1px, 1px, 1px);\" title=\"&#8220;Boris Mili\u0107 v.d. direktor ANB&#8221; &#8212; PCNEN\" src=\"https:\/\/www.pcnen.com\/portal\/2022\/10\/08\/boris-milic-v-d-direktor-anb\/embed\/#?secret=tgx36WaztW#?secret=QEaXjVpceS\" data-secret=\"QEaXjVpceS\" width=\"600\" height=\"338\" frameborder=\"0\" marginwidth=\"0\" marginheight=\"0\" scrolling=\"no\"><\/iframe><\/p>\n","protected":false},"excerpt":{"rendered":"<p>Ju\u010de imenovani v. d. direktor Agencije za nacionalnu bezbjednost (ANB) Boris Mili\u0107 nedavno je u svojstvu gra\u0111anina saslu\u0161an u policiji, u sklopu izvi\u0111aja o mogu\u0107im zloupotrebama i sumnjivim kontaktima unutar tajne slu\u017ebe.<\/p>\n","protected":false},"author":1,"featured_media":356773,"comment_status":"open","ping_status":"closed","sticky":false,"template":"","format":"standard","meta":{"_seopress_robots_primary_cat":"","_seopress_titles_title":"","_seopress_titles_desc":"","_seopress_robots_index":"","_et_pb_use_builder":"","_et_pb_old_content":"","_et_gb_content_width":"","inline_featured_image":false,"footnotes":""},"categories":[14],"tags":[],"class_list":["post-356810","post","type-post","status-publish","format-standard","has-post-thumbnail","hentry","category-vijesti"],"_links":{"self":[{"href":"https:\/\/www.pcnen.com\/portal\/wp-json\/wp\/v2\/posts\/356810","targetHints":{"allow":["GET"]}}],"collection":[{"href":"https:\/\/www.pcnen.com\/portal\/wp-json\/wp\/v2\/posts"}],"about":[{"href":"https:\/\/www.pcnen.com\/portal\/wp-json\/wp\/v2\/types\/post"}],"author":[{"embeddable":true,"href":"https:\/\/www.pcnen.com\/portal\/wp-json\/wp\/v2\/users\/1"}],"replies":[{"embeddable":true,"href":"https:\/\/www.pcnen.com\/portal\/wp-json\/wp\/v2\/comments?post=356810"}],"version-history":[{"count":1,"href":"https:\/\/www.pcnen.com\/portal\/wp-json\/wp\/v2\/posts\/356810\/revisions"}],"predecessor-version":[{"id":356811,"href":"https:\/\/www.pcnen.com\/portal\/wp-json\/wp\/v2\/posts\/356810\/revisions\/356811"}],"wp:featuredmedia":[{"embeddable":true,"href":"https:\/\/www.pcnen.com\/portal\/wp-json\/wp\/v2\/media\/356773"}],"wp:attachment":[{"href":"https:\/\/www.pcnen.com\/portal\/wp-json\/wp\/v2\/media?parent=356810"}],"wp:term":[{"taxonomy":"category","embeddable":true,"href":"https:\/\/www.pcnen.com\/portal\/wp-json\/wp\/v2\/categories?post=356810"},{"taxonomy":"post_tag","embeddable":true,"href":"https:\/\/www.pcnen.com\/portal\/wp-json\/wp\/v2\/tags?post=356810"}],"curies":[{"name":"wp","href":"https:\/\/api.w.org\/{rel}","templated":true}]}}