{"id":356794,"date":"2022-10-08T20:48:01","date_gmt":"2022-10-08T18:48:01","guid":{"rendered":"https:\/\/www.pcnen.com\/portal\/?p=356794"},"modified":"2022-10-08T22:52:35","modified_gmt":"2022-10-08T20:52:35","slug":"picula-ako-vucic-ovako-nastavi-nije-iskljucen-prekid-pregovora-sa-eu","status":"publish","type":"post","link":"https:\/\/www.pcnen.com\/portal\/2022\/10\/08\/picula-ako-vucic-ovako-nastavi-nije-iskljucen-prekid-pregovora-sa-eu\/","title":{"rendered":"Picula: Ako Vu\u010di\u0107 ovako nastavi, nije isklju\u010den prekid pregovora sa EU"},"content":{"rendered":"<p>\u201cOd mnogih stvari koje je rekao predsjednik Aleksandar Vu\u010dic\u0301, ovo je mo\u017eda najzna\u010dajniji dio i svakako ga vrijedi zapamtiti. Naime, rekao je da c\u0301e morati da procijeni da li je do\u0161lo vrijeme da se prihvati druga\u010dija realnost. \u010cini mi se da je zapravo dugo \u017eivio u alternativnoj stvarnosti, poku\u0161avajuc\u0301i da spoji nemoguc\u0301e, a okolnosti su mu dugo i\u0161le u prilog. Ta jedna vrsta blagonaklonosti SAD, posebno Evropske unije. Sa promjenom koja je nastala na geopoliti\u010dkom stolu poslije 24. februara, odnosno poslije ruske agresije na Ukrajinu, mnogo se promijenilo, mnogo se ubrzalo\u201d, <a href=\"https:\/\/rs.n1info.com\/vesti\/picula-ako-vucic-ovako-nastavi-nije-iskljucen-prekid-pregovora-sa-eu\/\">rekao je Picula za N1.<\/a><\/p>\n<p>Poja\u0161njava da se smanjuje manevarski prostor dosada\u0161nje politike Vu\u010di\u0107a.<\/p>\n<p>\u201cNeki novi prioriteti se moraju po\u0161tovati, tako da ima prostora za tu jednu vrstu alternativne politike koju Vu\u010dic\u0301 vec\u0301 dugo uspje\u0161no sprovodi \u2013 jednostavno taj manevarski prostor se smanjuje i mislim da on mora da pripremi srpsku javnost za mnoge nepopularne odluke koje mora da sprovede, koje c\u0301e biti i koje su u o\u0161troj suprotnosti sa tim narativom koji zapravo preovladava prakti\u010dno od njegovog dolaska na vlast. Prije svega, rije\u010d je o Kosovu\u201c, dodao je on.<\/p>\n<p>Picula ka\u017ee da je sastanak u Pragu ta\u010dka koja vodi ka znatno kriti\u010dnijoj i o\u0161trijoj politici evropskih institucija prema Srbiji.<\/p>\n<p>\u201cBez obzira na to kako to tuma\u010di gospodin Vu\u010dic\u0301, Srbija je na ni\u0161anu jer moramo znati da dugi niz godina ima najni\u017eu proceduru po\u0161tovanja zajedni\u010dke evropske spoljne politike od svih zemalja kandidata i jedina je dr\u017eava u Evropi pored Turske i Bjelorusije koja nije uvela sankcije Rusiji. Rekao bih da je mo\u017eda kap koja je prelila to evropsko i ameri\u010dko strpljenje bio potpisan memorandum o razumijevanju izme\u0111u dva ministra spoljnih poslova Selakovic\u0301a i Lavrova u Njujorku. Rekao bih da je to neka vrsta karikaturalnog dogovora. Aleksandru Vu\u010dic\u0301u je strahovito smanjen manevarski prostor\u201c, objasnio je on.<\/p>\n<p>On je prokomentarisao i napredak Srbije u pregovorima o pristupanju Evropskoj uniji, rekav\u0161i da su oni vec\u0301 zamrznuti.<\/p>\n<p>\u201cDugo nije otvoreno nijedno novo pregovara\u010dko poglavlje ili klaster, a \u010dini mi se da su \u0161anse Srbije da bilo \u0161ta otvori do kraja ove godine sve manje. \u0160ta c\u0301e zapravo biti u novom izvje\u0161taju EK koji c\u0301emo mi u EP imati prilike da \u010dujemo u srijedu, po meni je i dalje otvoreno pitanje. Dan kasnije, zajedno sa svojim kolegama iz spoljnopoliti\u010dkog odbora, glasac\u0301u o izvje\u0161taju koji sam napisao, o novoj strategiji pro\u0161irenja Evropske unije. Jo\u0161 postoji moguc\u0301nost da Srbija popravi svoju percepciju nekom drugom politikom. Ako to ne u\u010dini, rje\u0161enje nije isklju\u010deno. Ako predsjednik Vu\u010dic\u0301 nastavi sa ovom politikom, ako izazove dodatne kritike u EU, onda nije isklju\u010dena obustava pregovora\u201c, rekao je europoslanik.<\/p>\n","protected":false},"excerpt":{"rendered":"<p>Evropski poslanik i autor izvje\u0161taja o novoj Strategiji pro\u0161irenja Evropske unije Tonino Picula izjavio je za N1 Zagreb da &#8220;ukoliko predsjednik Srbije Aleksandar Vu\u010di\u0107 nastavi sa ovakvom politikom&#8221;, ne isklju\u010duje prekid pregovora Srbije o pridru\u017eivanju EU.<\/p>\n","protected":false},"author":1,"featured_media":275543,"comment_status":"open","ping_status":"closed","sticky":false,"template":"","format":"standard","meta":{"_seopress_robots_primary_cat":"","_seopress_titles_title":"","_seopress_titles_desc":"","_seopress_robots_index":"","_et_pb_use_builder":"","_et_pb_old_content":"","_et_gb_content_width":"","inline_featured_image":false,"footnotes":""},"categories":[14],"tags":[],"class_list":["post-356794","post","type-post","status-publish","format-standard","has-post-thumbnail","hentry","category-vijesti"],"_links":{"self":[{"href":"https:\/\/www.pcnen.com\/portal\/wp-json\/wp\/v2\/posts\/356794","targetHints":{"allow":["GET"]}}],"collection":[{"href":"https:\/\/www.pcnen.com\/portal\/wp-json\/wp\/v2\/posts"}],"about":[{"href":"https:\/\/www.pcnen.com\/portal\/wp-json\/wp\/v2\/types\/post"}],"author":[{"embeddable":true,"href":"https:\/\/www.pcnen.com\/portal\/wp-json\/wp\/v2\/users\/1"}],"replies":[{"embeddable":true,"href":"https:\/\/www.pcnen.com\/portal\/wp-json\/wp\/v2\/comments?post=356794"}],"version-history":[{"count":2,"href":"https:\/\/www.pcnen.com\/portal\/wp-json\/wp\/v2\/posts\/356794\/revisions"}],"predecessor-version":[{"id":356803,"href":"https:\/\/www.pcnen.com\/portal\/wp-json\/wp\/v2\/posts\/356794\/revisions\/356803"}],"wp:featuredmedia":[{"embeddable":true,"href":"https:\/\/www.pcnen.com\/portal\/wp-json\/wp\/v2\/media\/275543"}],"wp:attachment":[{"href":"https:\/\/www.pcnen.com\/portal\/wp-json\/wp\/v2\/media?parent=356794"}],"wp:term":[{"taxonomy":"category","embeddable":true,"href":"https:\/\/www.pcnen.com\/portal\/wp-json\/wp\/v2\/categories?post=356794"},{"taxonomy":"post_tag","embeddable":true,"href":"https:\/\/www.pcnen.com\/portal\/wp-json\/wp\/v2\/tags?post=356794"}],"curies":[{"name":"wp","href":"https:\/\/api.w.org\/{rel}","templated":true}]}}