{"id":356791,"date":"2022-10-08T18:28:47","date_gmt":"2022-10-08T16:28:47","guid":{"rendered":"https:\/\/www.pcnen.com\/portal\/?p=356791"},"modified":"2022-10-08T18:28:47","modified_gmt":"2022-10-08T16:28:47","slug":"odrzan-deseti-jubilarni-montenegro-prajd","status":"publish","type":"post","link":"https:\/\/www.pcnen.com\/portal\/2022\/10\/08\/odrzan-deseti-jubilarni-montenegro-prajd\/","title":{"rendered":"Odr\u017ean deseti, jubilarni Montenegro Prajd"},"content":{"rendered":"<p>Predsjednik Upravnog odbora nevladine organizacije Queer Montenegro, Danijel Kalezi\u0107, kazao je da u\u010desnici Prajda zahtijevaju da Vlada nastavi implementaciju strategije za bolji \u017eivot LGBT osoba koja jeskoro zaustavljena.<\/p>\n<p>\u201eNama ne treba da bilo ko od donosilaca odluka pristane da do\u0111e na Prajd, da se fotografi\u0161emo, mi ho\u0107emo rezultate. Nema vi\u0161e ali, vi\u0161e ne pravimo kompromise, zahtijevamo jednaka prava\u201c, poru\u010dio je Kalezi\u0107.<\/p>\n<p>U\u010desnici Prajda su poru\u010dili da od donosilaca zahtijevaju da sankcioni\u0161u govor mr\u017enje, punu primijenu zakona, naro\u010dito procesuiranja zlo\u010dina iz mr\u017enje i nasilja nad LGBT.<\/p>\n<p>Zatra\u017eili su i da se nasilje nad LGBT adekvatno procesuira i da se po\u0161alje poruka da ono ne\u0107e biti tolerisano, kao i da hormonska terapija bude dostupna.<\/p>\n<p>Nakon govora na Trgu nezavisnosti, povorka je krenula Ulicom slobode, zatim bulevarima Svetog Petra Cetinjskog i Stanka Dragojevi\u0107a, Boke\u0161kom, Zlatarskom, Ulicom Marka Miljanova, a zatim se ulicom Novaka Milo\u0161eva vratila nazad do trga.<\/p>\n","protected":false},"excerpt":{"rendered":"<p>Danas je u Podgorici odr\u017ean deseti, jubilarni Montenegro Prajd pod sloganom \u201eNema vi\u0161e ali\u201c, a tokom \u0161etnje nije bilo incidenata. (Foto:Mina)<\/p>\n","protected":false},"author":1,"featured_media":356792,"comment_status":"open","ping_status":"closed","sticky":false,"template":"","format":"standard","meta":{"_seopress_robots_primary_cat":"","_seopress_titles_title":"","_seopress_titles_desc":"","_seopress_robots_index":"","_et_pb_use_builder":"","_et_pb_old_content":"","_et_gb_content_width":"","inline_featured_image":false,"footnotes":""},"categories":[14],"tags":[],"class_list":["post-356791","post","type-post","status-publish","format-standard","has-post-thumbnail","hentry","category-vijesti"],"_links":{"self":[{"href":"https:\/\/www.pcnen.com\/portal\/wp-json\/wp\/v2\/posts\/356791","targetHints":{"allow":["GET"]}}],"collection":[{"href":"https:\/\/www.pcnen.com\/portal\/wp-json\/wp\/v2\/posts"}],"about":[{"href":"https:\/\/www.pcnen.com\/portal\/wp-json\/wp\/v2\/types\/post"}],"author":[{"embeddable":true,"href":"https:\/\/www.pcnen.com\/portal\/wp-json\/wp\/v2\/users\/1"}],"replies":[{"embeddable":true,"href":"https:\/\/www.pcnen.com\/portal\/wp-json\/wp\/v2\/comments?post=356791"}],"version-history":[{"count":1,"href":"https:\/\/www.pcnen.com\/portal\/wp-json\/wp\/v2\/posts\/356791\/revisions"}],"predecessor-version":[{"id":356793,"href":"https:\/\/www.pcnen.com\/portal\/wp-json\/wp\/v2\/posts\/356791\/revisions\/356793"}],"wp:featuredmedia":[{"embeddable":true,"href":"https:\/\/www.pcnen.com\/portal\/wp-json\/wp\/v2\/media\/356792"}],"wp:attachment":[{"href":"https:\/\/www.pcnen.com\/portal\/wp-json\/wp\/v2\/media?parent=356791"}],"wp:term":[{"taxonomy":"category","embeddable":true,"href":"https:\/\/www.pcnen.com\/portal\/wp-json\/wp\/v2\/categories?post=356791"},{"taxonomy":"post_tag","embeddable":true,"href":"https:\/\/www.pcnen.com\/portal\/wp-json\/wp\/v2\/tags?post=356791"}],"curies":[{"name":"wp","href":"https:\/\/api.w.org\/{rel}","templated":true}]}}