{"id":356778,"date":"2022-10-08T12:57:10","date_gmt":"2022-10-08T10:57:10","guid":{"rendered":"https:\/\/www.pcnen.com\/portal\/?p=356778"},"modified":"2022-10-08T12:57:10","modified_gmt":"2022-10-08T10:57:10","slug":"vucic-orban-potvrdio-da-je-madarska-trebala-1999-da-napadne-srbiju","status":"publish","type":"post","link":"https:\/\/www.pcnen.com\/portal\/2022\/10\/08\/vucic-orban-potvrdio-da-je-madarska-trebala-1999-da-napadne-srbiju\/","title":{"rendered":"Vu\u010di\u0107: Orban potvrdio da je Ma\u0111arska trebala 1999. da napadne Srbiju"},"content":{"rendered":"<p>On je kazao da Srbija za sada ne\u0107e uvoditi sankcije Ruskoj Federaciji, sve dok \u0161teta koja se nanosi Srbiji ne bude prevelika.<\/p>\n<p>&#8220;Mi ovo ne \u010dinimo samo zbog povoljnije cene gasa ili podr\u0161ke u Savetu bezbednosti (UN), ve\u0107 zbog me\u0111unarodnog javnog prava i po\u0161tovanja sebe jer znamo \u0161ta su sankcije radile nama&#8221;, rekao je Vu\u010di\u0107, prenosi Beta.<\/p>\n<p>Vu\u010di\u0107 je rekao da Srbija ne\u0107e dozvoliti \u010dlanstvo Kosova u UN i da \u0107e to imati posljedice, kao i da se u novembru o\u010dekuje po\u010detak procedure prijema Kosova u Savjet Evrope, prenosi Beta.<\/p>\n","protected":false},"excerpt":{"rendered":"<p>Predsjednik Srbije Aleksandar Vu\u010di\u0107 je rekao danas da je postojao plan da Ma\u0111arska 1999. godine napadne Srbiju i da mu je Viktor Orban to potvrdio, jer je Ma\u0111arska to odbila.<\/p>\n","protected":false},"author":1,"featured_media":351137,"comment_status":"open","ping_status":"closed","sticky":false,"template":"","format":"standard","meta":{"_seopress_robots_primary_cat":"","_seopress_titles_title":"","_seopress_titles_desc":"","_seopress_robots_index":"","_et_pb_use_builder":"","_et_pb_old_content":"","_et_gb_content_width":"","inline_featured_image":false,"footnotes":""},"categories":[14],"tags":[],"class_list":["post-356778","post","type-post","status-publish","format-standard","has-post-thumbnail","hentry","category-vijesti"],"_links":{"self":[{"href":"https:\/\/www.pcnen.com\/portal\/wp-json\/wp\/v2\/posts\/356778","targetHints":{"allow":["GET"]}}],"collection":[{"href":"https:\/\/www.pcnen.com\/portal\/wp-json\/wp\/v2\/posts"}],"about":[{"href":"https:\/\/www.pcnen.com\/portal\/wp-json\/wp\/v2\/types\/post"}],"author":[{"embeddable":true,"href":"https:\/\/www.pcnen.com\/portal\/wp-json\/wp\/v2\/users\/1"}],"replies":[{"embeddable":true,"href":"https:\/\/www.pcnen.com\/portal\/wp-json\/wp\/v2\/comments?post=356778"}],"version-history":[{"count":1,"href":"https:\/\/www.pcnen.com\/portal\/wp-json\/wp\/v2\/posts\/356778\/revisions"}],"predecessor-version":[{"id":356779,"href":"https:\/\/www.pcnen.com\/portal\/wp-json\/wp\/v2\/posts\/356778\/revisions\/356779"}],"wp:featuredmedia":[{"embeddable":true,"href":"https:\/\/www.pcnen.com\/portal\/wp-json\/wp\/v2\/media\/351137"}],"wp:attachment":[{"href":"https:\/\/www.pcnen.com\/portal\/wp-json\/wp\/v2\/media?parent=356778"}],"wp:term":[{"taxonomy":"category","embeddable":true,"href":"https:\/\/www.pcnen.com\/portal\/wp-json\/wp\/v2\/categories?post=356778"},{"taxonomy":"post_tag","embeddable":true,"href":"https:\/\/www.pcnen.com\/portal\/wp-json\/wp\/v2\/tags?post=356778"}],"curies":[{"name":"wp","href":"https:\/\/api.w.org\/{rel}","templated":true}]}}