{"id":356736,"date":"2022-10-07T17:06:43","date_gmt":"2022-10-07T15:06:43","guid":{"rendered":"https:\/\/www.pcnen.com\/portal\/?p=356736"},"modified":"2022-10-07T17:06:43","modified_gmt":"2022-10-07T15:06:43","slug":"konjevic-izgleda-je-neka-velika-muka-oko-rusa-i-cigara","status":"publish","type":"post","link":"https:\/\/www.pcnen.com\/portal\/2022\/10\/07\/konjevic-izgleda-je-neka-velika-muka-oko-rusa-i-cigara\/","title":{"rendered":"Konjevi\u0107: Izgleda je neka velika \u201cmuka oko Rusa i cigara\u201d"},"content":{"rendered":"<blockquote class=\"twitter-tweet\">\n<p dir=\"ltr\" lang=\"und\">Izgleda je neka velika \u201cmuka oko Rusa i cigara\u201d.<br \/>\nStvari postaju vise nego ocigledne.<\/p>\n<p>\u2014 Rasko Konjevic (@raskokonjevic) <a href=\"https:\/\/twitter.com\/raskokonjevic\/status\/1578375541601628161?ref_src=twsrc%5Etfw\">October 7, 2022<\/a><\/p><\/blockquote>\n<p><script async src=\"https:\/\/platform.twitter.com\/widgets.js\" charset=\"utf-8\"><\/script><\/p>\n","protected":false},"excerpt":{"rendered":"<p>Stvari u Crnoj Gori postaju vi\u0161e nego o\u010digledne, ocijenio je ministar odbrane Ra\u0161ko Konjevi\u0107, nakon \u0161to je Vlada u tehni\u010dkom mandatu smijenila vr\u0161ioca du\u017enosti direktora Agencije za nacionalnu bezbjednost (ANB) Sava Kenteru.<\/p>\n","protected":false},"author":1,"featured_media":286987,"comment_status":"open","ping_status":"closed","sticky":false,"template":"","format":"standard","meta":{"_seopress_robots_primary_cat":"","_seopress_titles_title":"","_seopress_titles_desc":"","_seopress_robots_index":"","_et_pb_use_builder":"","_et_pb_old_content":"","_et_gb_content_width":"","inline_featured_image":false,"footnotes":""},"categories":[14],"tags":[],"class_list":["post-356736","post","type-post","status-publish","format-standard","has-post-thumbnail","hentry","category-vijesti"],"_links":{"self":[{"href":"https:\/\/www.pcnen.com\/portal\/wp-json\/wp\/v2\/posts\/356736","targetHints":{"allow":["GET"]}}],"collection":[{"href":"https:\/\/www.pcnen.com\/portal\/wp-json\/wp\/v2\/posts"}],"about":[{"href":"https:\/\/www.pcnen.com\/portal\/wp-json\/wp\/v2\/types\/post"}],"author":[{"embeddable":true,"href":"https:\/\/www.pcnen.com\/portal\/wp-json\/wp\/v2\/users\/1"}],"replies":[{"embeddable":true,"href":"https:\/\/www.pcnen.com\/portal\/wp-json\/wp\/v2\/comments?post=356736"}],"version-history":[{"count":1,"href":"https:\/\/www.pcnen.com\/portal\/wp-json\/wp\/v2\/posts\/356736\/revisions"}],"predecessor-version":[{"id":356737,"href":"https:\/\/www.pcnen.com\/portal\/wp-json\/wp\/v2\/posts\/356736\/revisions\/356737"}],"wp:featuredmedia":[{"embeddable":true,"href":"https:\/\/www.pcnen.com\/portal\/wp-json\/wp\/v2\/media\/286987"}],"wp:attachment":[{"href":"https:\/\/www.pcnen.com\/portal\/wp-json\/wp\/v2\/media?parent=356736"}],"wp:term":[{"taxonomy":"category","embeddable":true,"href":"https:\/\/www.pcnen.com\/portal\/wp-json\/wp\/v2\/categories?post=356736"},{"taxonomy":"post_tag","embeddable":true,"href":"https:\/\/www.pcnen.com\/portal\/wp-json\/wp\/v2\/tags?post=356736"}],"curies":[{"name":"wp","href":"https:\/\/api.w.org\/{rel}","templated":true}]}}