{"id":356732,"date":"2022-10-07T16:56:45","date_gmt":"2022-10-07T14:56:45","guid":{"rendered":"https:\/\/www.pcnen.com\/portal\/?p=356732"},"modified":"2022-10-07T16:56:45","modified_gmt":"2022-10-07T14:56:45","slug":"kentera-abazovic-nije-smio-u-oci-da-mi-kaze-da-cu-biti-smijenjen","status":"publish","type":"post","link":"https:\/\/www.pcnen.com\/portal\/2022\/10\/07\/kentera-abazovic-nije-smio-u-oci-da-mi-kaze-da-cu-biti-smijenjen\/","title":{"rendered":"Kentera: Abazovi\u0107 nije smio u o\u010di da mi ka\u017ee da \u0107u biti smijenjen"},"content":{"rendered":"<p>On je danas u Budvi kazao i da &#8220;neke stvari moraju da se mijenjaju kako Crna Gora ne bi skrenula evroatlantskog puta&#8221;.<\/p>\n<p>Vlada je danas smijenila Kenteru na elektronskoj sjednici, na predlog premijera Dritana Abazovi\u0107a.<\/p>\n<p>&#8220;To je ne\u0161to \u0161to ne\u0107e biti dobar znak niti u Crnoj Gori, za one koji je vide kao dio zapada, a ni za sve one koji \u017eele one vrijednosti koje ona gaji&#8221;, kazao je Kentera.<\/p>\n<p>On tvrdi i da Abazovi\u0107 prilikom jutro\u0161njeg razgovora &#8220;nije smio u o\u010di da mu ka\u017ee da \u0107e biti smijenjen&#8221;.<\/p>\n<p>&#8220;To govori o hrabrosti premijera koji nije mogao to da mi saop\u0161ti u o\u010di. Rekao je toliko toga o sebi i kakva je Vlada i kuda zemlja ide, neka mu je sa sre\u0107om&#8221;, rekao je Kentera.<\/p>\n<p>Naveo je i da je ponosan na sve ono \u0161to je ANB, sa partnerima, uradila kako bi napravila zemlju kvalitetnom i normalnom.<\/p>\n<p>&#8220;Ne\u0107emo stati, ne\u0107e se Crna Gora predati. Ovo je pokazatelj da su rukavice potpuno skinute i niko ne treba da ima dilemu. Sad \u0107emo i mi igrati, skinu\u0107u rukavice pa \u0161ta ko ponese&#8221;, poru\u010dio je Kentera, prenose Vijesti.<\/p>\n<p>Dodaje i da mu je situacija sada &#8220;olak\u0161ana&#8221;, jer kao \u0161ef ANB-a nije mogao sve da pri\u010da, i da mu je sada to omogu\u0107eno.<\/p>\n<p>Kentera je kazao i da sada treba vidjeti kome ono \u0161to ANB radi nije i\u0161lo u prilog.<\/p>\n<p>&#8220;Ako imate najve\u0107u operaciju raskrinkavanja ruske mre\u017ee \u0161pijuna, agente GRU, \u0161est protjeranih diplomata, ako posle svega toga neko do\u0111e i ka\u017ee nijeste dobri, a ne navede neki razlog, nego vas samo smijeni onda se postavlja pitanje. Nemojte da iko misli da \u0107e Rusija, Srbija ili bilo ko ne \u017eeli dobro ovoj zemlji mo\u017ee da pu\u0161ti pipke, ne\u0107emo to dozvoliti&#8221;,.<\/p>\n<p>Kentera je rekao i da Crnu Goru &#8220;niko ne\u0107e pomjeriti s njenog evroatlantskog puta&#8221;.<\/p>\n<p>&#8220;Mi su\u0161tinski pripradamo zapadu, to \u0107e biti odgovor, kome se svi\u0111a mo\u017ee da ostane i da \u017eivi, a kome ne &#8211; neka ide tamo \u0111e mu je ta druga zemlja mila&#8221;, rekao je Kentera.<\/p>\n<blockquote class=\"wp-embedded-content\" data-secret=\"VBY0wxLbDZ\"><p><a href=\"https:\/\/www.pcnen.com\/portal\/2022\/10\/07\/kentera-vise-nije-na-celu-anb\/\">Kentera vi\u0161e nije na \u010delu ANB<\/a><\/p><\/blockquote>\n<p><iframe loading=\"lazy\" class=\"wp-embedded-content\" sandbox=\"allow-scripts\" security=\"restricted\" style=\"position: absolute; clip: rect(1px, 1px, 1px, 1px);\" title=\"&#8220;Kentera vi\u0161e nije na \u010delu ANB&#8221; &#8212; PCNEN\" src=\"https:\/\/www.pcnen.com\/portal\/2022\/10\/07\/kentera-vise-nije-na-celu-anb\/embed\/#?secret=ltgNv3UbSQ#?secret=VBY0wxLbDZ\" data-secret=\"VBY0wxLbDZ\" width=\"600\" height=\"338\" frameborder=\"0\" marginwidth=\"0\" marginheight=\"0\" scrolling=\"no\"><\/iframe><\/p>\n","protected":false},"excerpt":{"rendered":"<p>Smijenjeni vr\u0161ilac du\u017enosti direktora Agencije za nacionalnu bezbjednost (ANB) Savo Kentera kazao je da je njegova smjena &#8220;pokazatelj kuda dr\u017eava ide&#8221;.<\/p>\n","protected":false},"author":1,"featured_media":344727,"comment_status":"open","ping_status":"closed","sticky":false,"template":"","format":"standard","meta":{"_seopress_robots_primary_cat":"","_seopress_titles_title":"","_seopress_titles_desc":"","_seopress_robots_index":"","_et_pb_use_builder":"","_et_pb_old_content":"","_et_gb_content_width":"","inline_featured_image":false,"footnotes":""},"categories":[14],"tags":[],"class_list":["post-356732","post","type-post","status-publish","format-standard","has-post-thumbnail","hentry","category-vijesti"],"_links":{"self":[{"href":"https:\/\/www.pcnen.com\/portal\/wp-json\/wp\/v2\/posts\/356732","targetHints":{"allow":["GET"]}}],"collection":[{"href":"https:\/\/www.pcnen.com\/portal\/wp-json\/wp\/v2\/posts"}],"about":[{"href":"https:\/\/www.pcnen.com\/portal\/wp-json\/wp\/v2\/types\/post"}],"author":[{"embeddable":true,"href":"https:\/\/www.pcnen.com\/portal\/wp-json\/wp\/v2\/users\/1"}],"replies":[{"embeddable":true,"href":"https:\/\/www.pcnen.com\/portal\/wp-json\/wp\/v2\/comments?post=356732"}],"version-history":[{"count":1,"href":"https:\/\/www.pcnen.com\/portal\/wp-json\/wp\/v2\/posts\/356732\/revisions"}],"predecessor-version":[{"id":356733,"href":"https:\/\/www.pcnen.com\/portal\/wp-json\/wp\/v2\/posts\/356732\/revisions\/356733"}],"wp:featuredmedia":[{"embeddable":true,"href":"https:\/\/www.pcnen.com\/portal\/wp-json\/wp\/v2\/media\/344727"}],"wp:attachment":[{"href":"https:\/\/www.pcnen.com\/portal\/wp-json\/wp\/v2\/media?parent=356732"}],"wp:term":[{"taxonomy":"category","embeddable":true,"href":"https:\/\/www.pcnen.com\/portal\/wp-json\/wp\/v2\/categories?post=356732"},{"taxonomy":"post_tag","embeddable":true,"href":"https:\/\/www.pcnen.com\/portal\/wp-json\/wp\/v2\/tags?post=356732"}],"curies":[{"name":"wp","href":"https:\/\/api.w.org\/{rel}","templated":true}]}}