{"id":356719,"date":"2022-10-07T12:28:21","date_gmt":"2022-10-07T10:28:21","guid":{"rendered":"https:\/\/www.pcnen.com\/portal\/?p=356719"},"modified":"2022-10-07T13:11:35","modified_gmt":"2022-10-07T11:11:35","slug":"abazovic-vucicev-uticaj-na-cg-prenaglasen","status":"publish","type":"post","link":"https:\/\/www.pcnen.com\/portal\/2022\/10\/07\/abazovic-vucicev-uticaj-na-cg-prenaglasen\/","title":{"rendered":"Abazovi\u0107: Vu\u010di\u0107ev uticaj na CG prenagla\u0161en"},"content":{"rendered":"<p>On je, izme\u0111u ostalog, rekao da je srpski nacionalizam ukorijenjen u Crnoj Gori.<\/p>\n<p>\u201cOn postoji, to je dio na\u0161e istorije&#8230;\u201d, rekao Abazovi\u0107 a na pitanje da li Aleksandar Vu\u010di\u0107 ima maligni uticaj na Crnu Goru odgovorio je da je gro medija sada u vlasni\u0161tvu Srbije jer je prodato.<\/p>\n<p>\u201cJa mislim da je uticaj Vu\u010di\u0107a u Crnoj Gori prenagla\u0161en i da Crna Gora suvereno donosi odluke&#8230;Postoje politi\u010dki objekti koji su njegovi favoriti\u201d, kazao je Abazovi\u0107.<\/p>\n<p>Abazovi\u0107 je kazao da neki ljudi koji su trenutno unutar Agencije za nacionalnu bezbjednost (ANB) tu vi\u0161e ne\u0107e mo\u0107i da ostanu.<\/p>\n<p>On je to rekao odgovaraju\u0107i na pitanje da li sumnja da su \u0161ef ANB Savo Kentera i njegov pomo\u0107nik Drago Spi\u010danovi\u0107 povezani sa \u0161vercom cigareta, kao \u0161to je to u emisiji &#8220;Na\u010disto&#8221; kazao biv\u0161i direktor Uprave prihoda i carina Rade Milo\u0161evi\u0107.<\/p>\n<p>Rekao je da ima odre\u0111enu primjedbu na rad ANB kada je u pitanju ova situacija.<\/p>\n<p>&#8220;U najmanju ruku njihova obaveza je da premijera obavijeste ako su imali neka saznanja da se sa tom robom ne postupa na na\u010din na koji je to predvi\u0111eno, da daju upozorenje i mo\u017eda ja ne bih u\u010destvovao u takvim doga\u0111ajima. \u010cekam da jo\u0161 neke informacije dobijem. Definitivno neki ljudi koji su unutar ANB tu vi\u0161e ne\u0107e mo\u0107i da ostanu&#8221;.<\/p>\n<p>Abazovi\u0107 nije htio da navede o kome se radi.<\/p>\n","protected":false},"excerpt":{"rendered":"<p>U Budvi je po\u010deo 12. bezbjednosni 2BS Forum u \u010dijem je fokusu budu\u0107nost i bezbjednost Zapadnog Balkana, kao i uloga i zna\u010daj NATO-a. Na njemu\u00a0 je govorio, izme\u0111u ostalih, i premiejr u tehni\u010dkom mandatu Dritan Abazovi\u0107u.<\/p>\n","protected":false},"author":1,"featured_media":306121,"comment_status":"open","ping_status":"closed","sticky":false,"template":"","format":"standard","meta":{"_seopress_robots_primary_cat":"","_seopress_titles_title":"","_seopress_titles_desc":"","_seopress_robots_index":"","_et_pb_use_builder":"","_et_pb_old_content":"","_et_gb_content_width":"","inline_featured_image":false,"footnotes":""},"categories":[14],"tags":[],"class_list":["post-356719","post","type-post","status-publish","format-standard","has-post-thumbnail","hentry","category-vijesti"],"_links":{"self":[{"href":"https:\/\/www.pcnen.com\/portal\/wp-json\/wp\/v2\/posts\/356719","targetHints":{"allow":["GET"]}}],"collection":[{"href":"https:\/\/www.pcnen.com\/portal\/wp-json\/wp\/v2\/posts"}],"about":[{"href":"https:\/\/www.pcnen.com\/portal\/wp-json\/wp\/v2\/types\/post"}],"author":[{"embeddable":true,"href":"https:\/\/www.pcnen.com\/portal\/wp-json\/wp\/v2\/users\/1"}],"replies":[{"embeddable":true,"href":"https:\/\/www.pcnen.com\/portal\/wp-json\/wp\/v2\/comments?post=356719"}],"version-history":[{"count":3,"href":"https:\/\/www.pcnen.com\/portal\/wp-json\/wp\/v2\/posts\/356719\/revisions"}],"predecessor-version":[{"id":356722,"href":"https:\/\/www.pcnen.com\/portal\/wp-json\/wp\/v2\/posts\/356719\/revisions\/356722"}],"wp:featuredmedia":[{"embeddable":true,"href":"https:\/\/www.pcnen.com\/portal\/wp-json\/wp\/v2\/media\/306121"}],"wp:attachment":[{"href":"https:\/\/www.pcnen.com\/portal\/wp-json\/wp\/v2\/media?parent=356719"}],"wp:term":[{"taxonomy":"category","embeddable":true,"href":"https:\/\/www.pcnen.com\/portal\/wp-json\/wp\/v2\/categories?post=356719"},{"taxonomy":"post_tag","embeddable":true,"href":"https:\/\/www.pcnen.com\/portal\/wp-json\/wp\/v2\/tags?post=356719"}],"curies":[{"name":"wp","href":"https:\/\/api.w.org\/{rel}","templated":true}]}}