{"id":356701,"date":"2022-10-07T09:26:54","date_gmt":"2022-10-07T07:26:54","guid":{"rendered":"https:\/\/www.pcnen.com\/portal\/?p=356701"},"modified":"2022-10-07T09:26:54","modified_gmt":"2022-10-07T07:26:54","slug":"koliko-je-ceska-proruski-nastrojena","status":"publish","type":"post","link":"https:\/\/www.pcnen.com\/portal\/2022\/10\/07\/koliko-je-ceska-proruski-nastrojena\/","title":{"rendered":"Koliko je \u010ce\u0161ka proruski nastrojena?"},"content":{"rendered":"<p>Demonstracije na slavnom pra\u0161kom trgu je pokrenula krovna organiztacija \u2018\u010cesi na prvom mjestu\u2019. Njihovi stavovi bi bili previ\u0161e proruski \u010dak i za ekstremno desnu parlamentarnu stranku Sloboda i direktna demokratija (SPD) na \u010dijem je \u010delu poznati nacionalista Tomio Okamura, <a href=\"https:\/\/www.dw.com\/sr\/koliko-je-%C4%8De%C5%A1ka-proruski-nastrojena\/a-63364788\" target=\"_blank\" rel=\"noopener\">pi\u0161e DW.<\/a><\/p>\n","protected":false},"excerpt":{"rendered":"<p>Dva velika protestna skupa u Pragu dovela su u pitanje jasan stav protiv Putina u \u010ce\u0161koj koja upravo predsjedava Savjetom EU, konstatuje DW u analizi naslovljenoj pitanjem: Koliko je \u010ce\u0161ka proruski nastrojena?<\/p>\n","protected":false},"author":1,"featured_media":354400,"comment_status":"open","ping_status":"closed","sticky":false,"template":"","format":"standard","meta":{"_seopress_robots_primary_cat":"","_seopress_titles_title":"","_seopress_titles_desc":"","_seopress_robots_index":"","_et_pb_use_builder":"","_et_pb_old_content":"","_et_gb_content_width":"","inline_featured_image":false,"footnotes":""},"categories":[14],"tags":[],"class_list":["post-356701","post","type-post","status-publish","format-standard","has-post-thumbnail","hentry","category-vijesti"],"_links":{"self":[{"href":"https:\/\/www.pcnen.com\/portal\/wp-json\/wp\/v2\/posts\/356701","targetHints":{"allow":["GET"]}}],"collection":[{"href":"https:\/\/www.pcnen.com\/portal\/wp-json\/wp\/v2\/posts"}],"about":[{"href":"https:\/\/www.pcnen.com\/portal\/wp-json\/wp\/v2\/types\/post"}],"author":[{"embeddable":true,"href":"https:\/\/www.pcnen.com\/portal\/wp-json\/wp\/v2\/users\/1"}],"replies":[{"embeddable":true,"href":"https:\/\/www.pcnen.com\/portal\/wp-json\/wp\/v2\/comments?post=356701"}],"version-history":[{"count":1,"href":"https:\/\/www.pcnen.com\/portal\/wp-json\/wp\/v2\/posts\/356701\/revisions"}],"predecessor-version":[{"id":356702,"href":"https:\/\/www.pcnen.com\/portal\/wp-json\/wp\/v2\/posts\/356701\/revisions\/356702"}],"wp:featuredmedia":[{"embeddable":true,"href":"https:\/\/www.pcnen.com\/portal\/wp-json\/wp\/v2\/media\/354400"}],"wp:attachment":[{"href":"https:\/\/www.pcnen.com\/portal\/wp-json\/wp\/v2\/media?parent=356701"}],"wp:term":[{"taxonomy":"category","embeddable":true,"href":"https:\/\/www.pcnen.com\/portal\/wp-json\/wp\/v2\/categories?post=356701"},{"taxonomy":"post_tag","embeddable":true,"href":"https:\/\/www.pcnen.com\/portal\/wp-json\/wp\/v2\/tags?post=356701"}],"curies":[{"name":"wp","href":"https:\/\/api.w.org\/{rel}","templated":true}]}}