{"id":356689,"date":"2022-10-07T07:04:51","date_gmt":"2022-10-07T05:04:51","guid":{"rendered":"https:\/\/www.pcnen.com\/portal\/?p=356689"},"modified":"2022-10-07T07:04:51","modified_gmt":"2022-10-07T05:04:51","slug":"prozvani-pavicevic-najavio-krivicnu-prijavu-protiv-milosevica","status":"publish","type":"post","link":"https:\/\/www.pcnen.com\/portal\/2022\/10\/07\/prozvani-pavicevic-najavio-krivicnu-prijavu-protiv-milosevica\/","title":{"rendered":"Prozvani Pavi\u0107evi\u0107 najavio krivi\u010dnu prijavu protiv Milo\u0161evi\u0107a"},"content":{"rendered":"<p>Milo\u0161evi\u0107 je osumnji\u010dio Pavi\u0107evi\u0107a da je organizator \u0161verca cigareta u Luci Bar.<\/p>\n<p>&nbsp;<\/p>\n<blockquote class=\"wp-embedded-content\" data-secret=\"wSD8BlCB89\"><p><a href=\"https:\/\/www.pcnen.com\/portal\/2022\/10\/06\/rade-milosevic-osumnjicio-vrh-anb-da-stoje-iza-pokusaja-diskreditacije-njega-i-abazovica\/\">Rade Milo\u0161evi\u0107 osumnji\u010dio vrh ANB da stoji iza poku\u0161aja diskreditacije njega i Abazovi\u0107a<\/a><\/p><\/blockquote>\n<p><iframe loading=\"lazy\" class=\"wp-embedded-content\" sandbox=\"allow-scripts\" security=\"restricted\" style=\"position: absolute; clip: rect(1px, 1px, 1px, 1px);\" title=\"&#8220;Rade Milo\u0161evi\u0107 osumnji\u010dio vrh ANB da stoji iza poku\u0161aja diskreditacije njega i Abazovi\u0107a&#8221; &#8212; PCNEN\" src=\"https:\/\/www.pcnen.com\/portal\/2022\/10\/06\/rade-milosevic-osumnjicio-vrh-anb-da-stoje-iza-pokusaja-diskreditacije-njega-i-abazovica\/embed\/#?secret=jrdOV817be#?secret=wSD8BlCB89\" data-secret=\"wSD8BlCB89\" width=\"600\" height=\"338\" frameborder=\"0\" marginwidth=\"0\" marginheight=\"0\" scrolling=\"no\"><\/iframe><\/p>\n","protected":false},"excerpt":{"rendered":"<p>Vlasnik \u0161pediterske firme &#8220;Playmaker&#8221; iz Bara \u0110or\u0111ije Pavi\u0107evi\u0107 je saop\u0161tio za Portal RTCG da \u0107e danas biti podnesena krivi\u010dna prijava protiv doskora\u0161njeg direktora Uprava i carina Rada Milo\u0161evi\u0107a.<\/p>\n","protected":false},"author":1,"featured_media":329832,"comment_status":"open","ping_status":"closed","sticky":false,"template":"","format":"standard","meta":{"_seopress_robots_primary_cat":"","_seopress_titles_title":"","_seopress_titles_desc":"","_seopress_robots_index":"","_et_pb_use_builder":"","_et_pb_old_content":"","_et_gb_content_width":"","inline_featured_image":false,"footnotes":""},"categories":[14],"tags":[2396,1377],"class_list":["post-356689","post","type-post","status-publish","format-standard","has-post-thumbnail","hentry","category-vijesti","tag-rade-milosevic-dorde-pavicevic","tag-sverc-cigareta"],"_links":{"self":[{"href":"https:\/\/www.pcnen.com\/portal\/wp-json\/wp\/v2\/posts\/356689","targetHints":{"allow":["GET"]}}],"collection":[{"href":"https:\/\/www.pcnen.com\/portal\/wp-json\/wp\/v2\/posts"}],"about":[{"href":"https:\/\/www.pcnen.com\/portal\/wp-json\/wp\/v2\/types\/post"}],"author":[{"embeddable":true,"href":"https:\/\/www.pcnen.com\/portal\/wp-json\/wp\/v2\/users\/1"}],"replies":[{"embeddable":true,"href":"https:\/\/www.pcnen.com\/portal\/wp-json\/wp\/v2\/comments?post=356689"}],"version-history":[{"count":1,"href":"https:\/\/www.pcnen.com\/portal\/wp-json\/wp\/v2\/posts\/356689\/revisions"}],"predecessor-version":[{"id":356690,"href":"https:\/\/www.pcnen.com\/portal\/wp-json\/wp\/v2\/posts\/356689\/revisions\/356690"}],"wp:featuredmedia":[{"embeddable":true,"href":"https:\/\/www.pcnen.com\/portal\/wp-json\/wp\/v2\/media\/329832"}],"wp:attachment":[{"href":"https:\/\/www.pcnen.com\/portal\/wp-json\/wp\/v2\/media?parent=356689"}],"wp:term":[{"taxonomy":"category","embeddable":true,"href":"https:\/\/www.pcnen.com\/portal\/wp-json\/wp\/v2\/categories?post=356689"},{"taxonomy":"post_tag","embeddable":true,"href":"https:\/\/www.pcnen.com\/portal\/wp-json\/wp\/v2\/tags?post=356689"}],"curies":[{"name":"wp","href":"https:\/\/api.w.org\/{rel}","templated":true}]}}