{"id":356687,"date":"2022-10-06T23:05:15","date_gmt":"2022-10-06T21:05:15","guid":{"rendered":"https:\/\/www.pcnen.com\/portal\/?p=356687"},"modified":"2022-10-06T23:05:15","modified_gmt":"2022-10-06T21:05:15","slug":"promjenljivo-oblacno-sa-duzim-suncanim-intervalima-23","status":"publish","type":"post","link":"https:\/\/www.pcnen.com\/portal\/2022\/10\/06\/promjenljivo-oblacno-sa-duzim-suncanim-intervalima-23\/","title":{"rendered":"Promjenljivo obla\u010dno sa du\u017eim sun\u010danim intervalima"},"content":{"rendered":"<p>Vjetar slab do umjeren mijenja\u0107e smjera, a tokom prijepodnava duva\u0107e ponegdje umjeren do poja\u010dan sjeveroisto\u010dnjak, prvenstveno u ju\u017enim krajevima zemlje.<\/p>\n<p>Jutarnja temperatura vazduha bi\u0107e u rasponu od 2 do 15, a najvi\u0161a dnevna od 17 do 27 stepeni.<\/p>\n<p>U Podgorici bi\u0107e malo do umjereno obla\u010dno sa du\u017eim sun\u010danim intervalima.<\/p>\n<p>Vjetar koji \u0107e duvati sa sjevera bi\u0107e uglavnom slab do umjeren.<\/p>\n<p>Jutarnja temperatura vazduha bi\u0107e oko 14, a najvi\u0161a dnevna oko 26 stepeni.<\/p>\n<p><a href=\"http:\/\/www.meteo.co.me\/page.php?id=31\" target=\"_blank\" rel=\"noopener\">Ra\u010dunarska prognoza.<\/a><\/p>\n","protected":false},"excerpt":{"rendered":"<p>Po kotlinama na sjeveru Crne Gore bi\u0107e mogu\u0107a jutarnja magla.<\/p>\n","protected":false},"author":1,"featured_media":353982,"comment_status":"open","ping_status":"closed","sticky":false,"template":"","format":"standard","meta":{"_seopress_robots_primary_cat":"","_seopress_titles_title":"","_seopress_titles_desc":"","_seopress_robots_index":"","_et_pb_use_builder":"","_et_pb_old_content":"","_et_gb_content_width":"","inline_featured_image":false,"footnotes":""},"categories":[14],"tags":[],"class_list":["post-356687","post","type-post","status-publish","format-standard","has-post-thumbnail","hentry","category-vijesti"],"_links":{"self":[{"href":"https:\/\/www.pcnen.com\/portal\/wp-json\/wp\/v2\/posts\/356687","targetHints":{"allow":["GET"]}}],"collection":[{"href":"https:\/\/www.pcnen.com\/portal\/wp-json\/wp\/v2\/posts"}],"about":[{"href":"https:\/\/www.pcnen.com\/portal\/wp-json\/wp\/v2\/types\/post"}],"author":[{"embeddable":true,"href":"https:\/\/www.pcnen.com\/portal\/wp-json\/wp\/v2\/users\/1"}],"replies":[{"embeddable":true,"href":"https:\/\/www.pcnen.com\/portal\/wp-json\/wp\/v2\/comments?post=356687"}],"version-history":[{"count":1,"href":"https:\/\/www.pcnen.com\/portal\/wp-json\/wp\/v2\/posts\/356687\/revisions"}],"predecessor-version":[{"id":356688,"href":"https:\/\/www.pcnen.com\/portal\/wp-json\/wp\/v2\/posts\/356687\/revisions\/356688"}],"wp:featuredmedia":[{"embeddable":true,"href":"https:\/\/www.pcnen.com\/portal\/wp-json\/wp\/v2\/media\/353982"}],"wp:attachment":[{"href":"https:\/\/www.pcnen.com\/portal\/wp-json\/wp\/v2\/media?parent=356687"}],"wp:term":[{"taxonomy":"category","embeddable":true,"href":"https:\/\/www.pcnen.com\/portal\/wp-json\/wp\/v2\/categories?post=356687"},{"taxonomy":"post_tag","embeddable":true,"href":"https:\/\/www.pcnen.com\/portal\/wp-json\/wp\/v2\/tags?post=356687"}],"curies":[{"name":"wp","href":"https:\/\/api.w.org\/{rel}","templated":true}]}}