{"id":356680,"date":"2022-10-06T22:25:58","date_gmt":"2022-10-06T20:25:58","guid":{"rendered":"https:\/\/www.pcnen.com\/portal\/?p=356680"},"modified":"2022-10-06T22:26:39","modified_gmt":"2022-10-06T20:26:39","slug":"svedski-istrazitelji-potvrdili-sabotaze-na-gasovodu-sjeverni-tok","status":"publish","type":"post","link":"https:\/\/www.pcnen.com\/portal\/2022\/10\/06\/svedski-istrazitelji-potvrdili-sabotaze-na-gasovodu-sjeverni-tok\/","title":{"rendered":"\u0160vedski istra\u017eitelji potvrdili sabota\u017ee na gasovodu Sjeverni tok"},"content":{"rendered":"<p>&#8220;Potvr\u0111ujemo da je bilo detonacija na Sjevernom toku 1 i 2 unutar \u0161vedske ekonomske zone u kojima je pri\u010dinjena znatna \u0161teta na gasovodu. Istraga mjesta eksplozije poja\u010dala je sumnju da se radi o sabota\u017ei&#8221;, naveo je \u0161ef istra\u017eitelja Mats Ljundkvist, prenosi portal RTS.<\/p>\n<p>\u0160ef \u0161vedskih istra\u017eitelja je tako\u0111e naveo da su na mjestu eksplozije prona\u0111eni dokazi koji \u0107e biti dodatno ispitani, isti\u010du\u0107i da se radi o &#8220;veoma osjetljivom slu\u010daju&#8221;.<\/p>\n<p>\u0160ve\u0111ani, za sada, nisu identifikovali mogu\u0107e po\u010dinioce sabota\u017ee, navode\u0107i da \u0107e u nastavku istrage biti jasno da li \u0107e biti pokrenuti sudski procesi.<\/p>\n<p>Neposredno poslije eksplozije, biv\u0161i poljski ministar spoljnih poslova Radek Sikorski je napisao na Tviteru: &#8220;Hvala SAD&#8221;, ali je poslije nekoliko dana obrisao tvit.<\/p>\n<p>Ameri\u010dki ekonomista D\u017eefri Saks je nedavno osumnji\u010dio svoju zemljuda stoji iza ovih sabota\u017ea.<\/p>\n<blockquote class=\"wp-embedded-content\" data-secret=\"97uwaSXRQg\"><p><a href=\"https:\/\/www.pcnen.com\/portal\/2022\/10\/04\/dzefri-saks-moguce-da-iza-ostecenja-sjevernog-toka-stoje-sad\/\">D\u017eefri Saks: Mogu\u0107e da iza o\u0161te\u0107enja Sjevernog toka stoje SAD<\/a><\/p><\/blockquote>\n<p><iframe loading=\"lazy\" class=\"wp-embedded-content\" sandbox=\"allow-scripts\" security=\"restricted\" style=\"position: absolute; clip: rect(1px, 1px, 1px, 1px);\" title=\"&#8220;D\u017eefri Saks: Mogu\u0107e da iza o\u0161te\u0107enja Sjevernog toka stoje SAD&#8221; &#8212; PCNEN\" src=\"https:\/\/www.pcnen.com\/portal\/2022\/10\/04\/dzefri-saks-moguce-da-iza-ostecenja-sjevernog-toka-stoje-sad\/embed\/#?secret=ztTqW5nUcs#?secret=97uwaSXRQg\" data-secret=\"97uwaSXRQg\" width=\"600\" height=\"338\" frameborder=\"0\" marginwidth=\"0\" marginheight=\"0\" scrolling=\"no\"><\/iframe><\/p>\n<p>&nbsp;<\/p>\n","protected":false},"excerpt":{"rendered":"<p>\u0160vedski tim istra\u017eitelja je potvrdio da su gasovodi Sjeverni tok 1 i 2 o\u0161te\u0107eni u eksplozijama, navode\u0107i da je, tokom prethodnih dana, &#8220;poja\u010dana sumnja&#8221; da se radi o sabota\u017ei. Sumnje da je gasovod o\u0161te\u0107en u sabota\u017ei ranije su iznijele Rusija, Njema\u010dka i Danska.<\/p>\n","protected":false},"author":1,"featured_media":0,"comment_status":"open","ping_status":"closed","sticky":false,"template":"","format":"standard","meta":{"_seopress_robots_primary_cat":"","_seopress_titles_title":"","_seopress_titles_desc":"","_seopress_robots_index":"","_et_pb_use_builder":"","_et_pb_old_content":"","_et_gb_content_width":"","inline_featured_image":false,"footnotes":""},"categories":[14],"tags":[2218,2390,1237],"class_list":["post-356680","post","type-post","status-publish","format-standard","hentry","category-vijesti","tag-dzefri-saks","tag-sabotaza","tag-sjeverni-tok"],"_links":{"self":[{"href":"https:\/\/www.pcnen.com\/portal\/wp-json\/wp\/v2\/posts\/356680","targetHints":{"allow":["GET"]}}],"collection":[{"href":"https:\/\/www.pcnen.com\/portal\/wp-json\/wp\/v2\/posts"}],"about":[{"href":"https:\/\/www.pcnen.com\/portal\/wp-json\/wp\/v2\/types\/post"}],"author":[{"embeddable":true,"href":"https:\/\/www.pcnen.com\/portal\/wp-json\/wp\/v2\/users\/1"}],"replies":[{"embeddable":true,"href":"https:\/\/www.pcnen.com\/portal\/wp-json\/wp\/v2\/comments?post=356680"}],"version-history":[{"count":1,"href":"https:\/\/www.pcnen.com\/portal\/wp-json\/wp\/v2\/posts\/356680\/revisions"}],"predecessor-version":[{"id":356681,"href":"https:\/\/www.pcnen.com\/portal\/wp-json\/wp\/v2\/posts\/356680\/revisions\/356681"}],"wp:attachment":[{"href":"https:\/\/www.pcnen.com\/portal\/wp-json\/wp\/v2\/media?parent=356680"}],"wp:term":[{"taxonomy":"category","embeddable":true,"href":"https:\/\/www.pcnen.com\/portal\/wp-json\/wp\/v2\/categories?post=356680"},{"taxonomy":"post_tag","embeddable":true,"href":"https:\/\/www.pcnen.com\/portal\/wp-json\/wp\/v2\/tags?post=356680"}],"curies":[{"name":"wp","href":"https:\/\/api.w.org\/{rel}","templated":true}]}}