{"id":356676,"date":"2022-10-06T21:50:50","date_gmt":"2022-10-06T19:50:50","guid":{"rendered":"https:\/\/www.pcnen.com\/portal\/?p=356676"},"modified":"2022-10-06T21:54:24","modified_gmt":"2022-10-06T19:54:24","slug":"konjevic-postojali-kontakti-milosevica-i-abazovica-sa-clanovima-kriminalne-grupe","status":"publish","type":"post","link":"https:\/\/www.pcnen.com\/portal\/2022\/10\/06\/konjevic-postojali-kontakti-milosevica-i-abazovica-sa-clanovima-kriminalne-grupe\/","title":{"rendered":"Konjevi\u0107: Postojali kontakti Milo\u0161evi\u0107a i Abazovi\u0107a sa \u010dlanovima kriminalne grupe"},"content":{"rendered":"<p>On je kazao da su ti kontakti registrovani u dokumentu u kome se procjenjuje opasnosti od te\u0161kog i organizovanog kriminala u Crnoj Gori (SOCTA 20-21).<\/p>\n<p>&#8220;Imate kontakte sa organizovanom kriminalnom grupom za koju znate da je u SOCTA prepoznata da je jedna od njenih aktivnosti \u0161verc cigareta. Te kontakte ima i \u0161ef Vlade i poreske uprave. Sa druge strane imate ve\u0107 nekoliko mjeseci medijski performans u kojem prisustvuju isklju\u010divo ministri iz reda URA-e i premijer. Ispostavlja se da kada se ovaj slu\u010daj otvorio, da po navodima Agencije za sprovo\u0111enje zakona, 90 odsto tog kontigenta je zavr\u0161avalo na sivom tr\u017ei\u0161tu, a 10 odsto je svega uni\u0161tavano&#8221;, rekao je Konjevi\u0107.<\/p>\n","protected":false},"excerpt":{"rendered":"<p>Ra\u0161ko Konjevi\u0107, ministar odbrane u tehni\u010dkom mandatu, je rekao u emisiji \u201cArgument\u201d na TVCG da je na sjednici Vije\u0107a za nacionalnu bezbjednost ukazao na to da su postojali kontakti direktora Uprave prihoda i carina Rada Milo\u0161evi\u0107a i predsjednika Vlade Dritana Abazovi\u0107a sa registrovanim \u010dlanovima kriminalne grupe.<\/p>\n","protected":false},"author":1,"featured_media":0,"comment_status":"open","ping_status":"closed","sticky":false,"template":"","format":"standard","meta":{"_seopress_robots_primary_cat":"","_seopress_titles_title":"","_seopress_titles_desc":"","_seopress_robots_index":"","_et_pb_use_builder":"","_et_pb_old_content":"","_et_gb_content_width":"","inline_featured_image":false,"footnotes":""},"categories":[14],"tags":[1088,2384,1641,2393],"class_list":["post-356676","post","type-post","status-publish","format-standard","hentry","category-vijesti","tag-dritan-abazovic","tag-rade-milosevic","tag-rasko-konjevic","tag-socta"],"_links":{"self":[{"href":"https:\/\/www.pcnen.com\/portal\/wp-json\/wp\/v2\/posts\/356676","targetHints":{"allow":["GET"]}}],"collection":[{"href":"https:\/\/www.pcnen.com\/portal\/wp-json\/wp\/v2\/posts"}],"about":[{"href":"https:\/\/www.pcnen.com\/portal\/wp-json\/wp\/v2\/types\/post"}],"author":[{"embeddable":true,"href":"https:\/\/www.pcnen.com\/portal\/wp-json\/wp\/v2\/users\/1"}],"replies":[{"embeddable":true,"href":"https:\/\/www.pcnen.com\/portal\/wp-json\/wp\/v2\/comments?post=356676"}],"version-history":[{"count":3,"href":"https:\/\/www.pcnen.com\/portal\/wp-json\/wp\/v2\/posts\/356676\/revisions"}],"predecessor-version":[{"id":356679,"href":"https:\/\/www.pcnen.com\/portal\/wp-json\/wp\/v2\/posts\/356676\/revisions\/356679"}],"wp:attachment":[{"href":"https:\/\/www.pcnen.com\/portal\/wp-json\/wp\/v2\/media?parent=356676"}],"wp:term":[{"taxonomy":"category","embeddable":true,"href":"https:\/\/www.pcnen.com\/portal\/wp-json\/wp\/v2\/categories?post=356676"},{"taxonomy":"post_tag","embeddable":true,"href":"https:\/\/www.pcnen.com\/portal\/wp-json\/wp\/v2\/tags?post=356676"}],"curies":[{"name":"wp","href":"https:\/\/api.w.org\/{rel}","templated":true}]}}