{"id":356657,"date":"2022-10-06T15:35:23","date_gmt":"2022-10-06T13:35:23","guid":{"rendered":"https:\/\/www.pcnen.com\/portal\/?p=356657"},"modified":"2022-10-06T15:35:23","modified_gmt":"2022-10-06T13:35:23","slug":"njemacka-islam-nije-kompatibilan-s-njemackim-drustvom","status":"publish","type":"post","link":"https:\/\/www.pcnen.com\/portal\/2022\/10\/06\/njemacka-islam-nije-kompatibilan-s-njemackim-drustvom\/","title":{"rendered":"Njema\u010dka: Islam nije kompatibilan s njema\u010dkim dru\u0161tvom"},"content":{"rendered":"<p>Skoro 48 odsto ispitanika reklo je kako vjeruje da &#8220;islam nije kompatibilan s njema\u010dkim dru\u0161tvom&#8221;, dok je 29 odsto predlo\u017eilo ograni\u010davanje praktikovanja islama u zemlji.<\/p>\n<p>&#8220;Negativni stavovi prema islamu ra\u0161ireni su u svim ispitanim grupama, ljudima sa i bez migracionog porijekla&#8221;, rekli su istra\u017eiva\u010di u izvje\u0161taju.<\/p>\n<p>Gotovo 44 odsto ispitanih Njemaca tvrdilo je da bi dr\u017eavne sigurnosne agencije trebale da nadziru muslimanske organizacije, dok se samo 16 odsto protivilo takvom potezu.<\/p>\n<p>Antiislamski stavovi ne\u0161to su \u010de\u0161\u0107i me\u0111u migrantima koji su u Njema\u010dku stigli iz nemuslimanskih zemalja. Me\u0111utim, ljudi koji su imali dru\u0161tvene kontakte s muslimanima bili su manje skloni antiislamskim stavovima, navodi se u izvje\u0161taju.<\/p>\n","protected":false},"excerpt":{"rendered":"<p>Antimuslimanski stavovi su \u0161iroko rasprostranjeni u Njema\u010dkoj, pokazalo je nedavno istra\u017eivanje koje je sprovelo Stru\u010dno vije\u0107e za integraciju i migracije (SVR), prenosi Anadolija.<\/p>\n","protected":false},"author":1,"featured_media":315588,"comment_status":"open","ping_status":"closed","sticky":false,"template":"","format":"standard","meta":{"_seopress_robots_primary_cat":"","_seopress_titles_title":"","_seopress_titles_desc":"","_seopress_robots_index":"","_et_pb_use_builder":"","_et_pb_old_content":"","_et_gb_content_width":"","inline_featured_image":false,"footnotes":""},"categories":[14],"tags":[],"class_list":["post-356657","post","type-post","status-publish","format-standard","has-post-thumbnail","hentry","category-vijesti"],"_links":{"self":[{"href":"https:\/\/www.pcnen.com\/portal\/wp-json\/wp\/v2\/posts\/356657","targetHints":{"allow":["GET"]}}],"collection":[{"href":"https:\/\/www.pcnen.com\/portal\/wp-json\/wp\/v2\/posts"}],"about":[{"href":"https:\/\/www.pcnen.com\/portal\/wp-json\/wp\/v2\/types\/post"}],"author":[{"embeddable":true,"href":"https:\/\/www.pcnen.com\/portal\/wp-json\/wp\/v2\/users\/1"}],"replies":[{"embeddable":true,"href":"https:\/\/www.pcnen.com\/portal\/wp-json\/wp\/v2\/comments?post=356657"}],"version-history":[{"count":1,"href":"https:\/\/www.pcnen.com\/portal\/wp-json\/wp\/v2\/posts\/356657\/revisions"}],"predecessor-version":[{"id":356658,"href":"https:\/\/www.pcnen.com\/portal\/wp-json\/wp\/v2\/posts\/356657\/revisions\/356658"}],"wp:featuredmedia":[{"embeddable":true,"href":"https:\/\/www.pcnen.com\/portal\/wp-json\/wp\/v2\/media\/315588"}],"wp:attachment":[{"href":"https:\/\/www.pcnen.com\/portal\/wp-json\/wp\/v2\/media?parent=356657"}],"wp:term":[{"taxonomy":"category","embeddable":true,"href":"https:\/\/www.pcnen.com\/portal\/wp-json\/wp\/v2\/categories?post=356657"},{"taxonomy":"post_tag","embeddable":true,"href":"https:\/\/www.pcnen.com\/portal\/wp-json\/wp\/v2\/tags?post=356657"}],"curies":[{"name":"wp","href":"https:\/\/api.w.org\/{rel}","templated":true}]}}