{"id":356644,"date":"2022-10-06T10:05:21","date_gmt":"2022-10-06T08:05:21","guid":{"rendered":"https:\/\/www.pcnen.com\/portal\/?p=356644"},"modified":"2022-10-06T10:05:21","modified_gmt":"2022-10-06T08:05:21","slug":"epidemija-zutice-zvanicno-i-u-kotoru","status":"publish","type":"post","link":"https:\/\/www.pcnen.com\/portal\/2022\/10\/06\/epidemija-zutice-zvanicno-i-u-kotoru\/","title":{"rendered":"Epidemija \u017eutice zvani\u010dno i u Kotoru"},"content":{"rendered":"<p>Prvi slu\u010dajevi hepatitisa A potvr\u0111eni su jo\u0161 u julu, kada je inspekcija sa epidemiolozima kontrolisala objekte na primorju, dok iz Instituta za javno zdravlje (IJZ) u odgovoru Vijestima tvrde da je prvi sporadi\u010dan slu\u010daj \u017eutice prijavljen 21. jula ove godine, ne preciziraju\u0107i koliko je inficiranih registrovano u julu i avgustu.<\/p>\n<p>Iz IJZ tvrde da su prijavljene dvije epidemije i da je do 4. oktobra registrovano 27 zara\u017eenih &#8211; 18 je iz Herceg Novog, \u010detiri oboljele osobe su iz Kotora, po dvije iz Budve i Nik\u0161i\u0107a i jedna iz Podgorice.<\/p>\n<p>Pojasnili su da skorija obolijevanja mo\u017eda jo\u0161 nijesu prijavljena jer je obi\u010dno potrebno nekoliko sedmica da bi se utvrdilo da li je inficirana osoba dio epidemije ili sporadi\u010dan slu\u010daj.<\/p>\n<p>U IJZ tvrde i da je pravi broj oboljelih u epidemiji vjerovatno ve\u0107i od prijavljenog broja, iz razloga \u0161to se neki ljudi oporave bez medicinske njege i uop\u0161te se ne testiraju na hepatitis A.<\/p>\n<p>Oboljenje hepatitis A predstavlja zapaljenje jetre \u010diji je uzrok istoimeni virus. Prema podacima IJZ, simptomi bolesti su zamor, malaksalost, glavobolja i povi\u0161ena tjelesna temperatura, a pored toga javlja se i gubitak apetita, mu\u010dnina, nagon na povra\u0107anje.<\/p>\n<p>\u201d Pacijenti primje\u0107uju da je mokra\u0107a tamnija, a stolica svetlija. Posle toga se javlja \u017eutica (ikterus) vidljiva na beonja\u010dama, ko\u017ei i sluzoko\u017eama. Ovaj najkarakteristi\u010dniji znak, po kome je oboljenje i dobilo ime (\u017eutica) se ne mora ispoljiti. Infekcija ovim virusom mo\u017ee pro\u0107i bez pojave bilo kakvih simptoma. To su asimptomatske infekcije. Blagi oblici i asimptomatske infekcije su naro\u010dito \u010desti u dje\u010djem uzrastu. Hepatitis A, za razliku od nekih drugih virusnih hepatitisa (hepatitis B, hepatitis C) je naj\u010de\u0161\u0107e blago oboljenje koje nikada ne ostavlja trajne posledice\u201d, pojasnili su iz IJZ.<\/p>\n<p>Period inkubacije, odnosno vremenski period od ulaska virusa u organizam do pojave simptoma je od 15 do 45 dana, naj\u010de\u0161\u0107e oko mjesec.<\/p>\n<p>\u201dVirus se \u0161iri kontaktom, kontaminiranom vodom ili hranom. Najzna\u010dajniji put \u0161irenja je kontaktni. Ostvaruje se preko ruku koje su kontaminirane stolicom koja sadr\u017ei virus hepatitisa A, bilo direktnim dodirom sa oboljelim ili asimptomno inficiranim ili indirektno, preko kontaminiranih predmeta. Kontaktni put \u0161irenja je vode\u0107i u uslovima lo\u0161ih higijenskih prilika i prenaseljenosti. Naj\u010de\u0161\u0107e se ostvaruje u porodicama, pred\u0161kolskim i \u0161kolskim kolektivima i institucijama za zbrinjavanje djece i starih lica. U podru\u010djima sa nesigurnim vodosnabdijevanjem, voda predstavlja zna\u010dajan put \u0161irenja\u201d, navodi se na sajtu IJZ.<\/p>\n<p>U IJZ tvrde da su infekcije hepatitisom A u na\u0161oj zemlji stalno prisutne, ali u umjerenom intenzitetu, dok se na svakih \u0161est do deset godina registruju epidemije ovog oboljenja.<\/p>\n<blockquote class=\"wp-embedded-content\" data-secret=\"4m14wbOJmp\"><p><a href=\"https:\/\/www.pcnen.com\/portal\/2022\/09\/24\/proglasena-epidemija-zutice-u-herceg-novom\/\">Progla\u0161ena epidemija \u017eutice u Herceg Novom<\/a><\/p><\/blockquote>\n<p><iframe loading=\"lazy\" class=\"wp-embedded-content\" sandbox=\"allow-scripts\" security=\"restricted\" style=\"position: absolute; clip: rect(1px, 1px, 1px, 1px);\" title=\"&#8220;Progla\u0161ena epidemija \u017eutice u Herceg Novom&#8221; &#8212; PCNEN\" src=\"https:\/\/www.pcnen.com\/portal\/2022\/09\/24\/proglasena-epidemija-zutice-u-herceg-novom\/embed\/#?secret=TJuq9T6r5h#?secret=4m14wbOJmp\" data-secret=\"4m14wbOJmp\" width=\"600\" height=\"338\" frameborder=\"0\" marginwidth=\"0\" marginheight=\"0\" scrolling=\"no\"><\/iframe><\/p>\n","protected":false},"excerpt":{"rendered":"<p>Epidemija \u017eutice &#8211; hepatitisa A, osim u Herceg Novom progla\u0161ena je i u Kotoru, a slu\u010dajevi zaraze registruju se i u Budvi, Nik\u0161i\u0107u i Podgorici.<\/p>\n","protected":false},"author":1,"featured_media":344433,"comment_status":"open","ping_status":"closed","sticky":false,"template":"","format":"standard","meta":{"_seopress_robots_primary_cat":"","_seopress_titles_title":"","_seopress_titles_desc":"","_seopress_robots_index":"","_et_pb_use_builder":"","_et_pb_old_content":"","_et_gb_content_width":"","inline_featured_image":false,"footnotes":""},"categories":[14],"tags":[],"class_list":["post-356644","post","type-post","status-publish","format-standard","has-post-thumbnail","hentry","category-vijesti"],"_links":{"self":[{"href":"https:\/\/www.pcnen.com\/portal\/wp-json\/wp\/v2\/posts\/356644","targetHints":{"allow":["GET"]}}],"collection":[{"href":"https:\/\/www.pcnen.com\/portal\/wp-json\/wp\/v2\/posts"}],"about":[{"href":"https:\/\/www.pcnen.com\/portal\/wp-json\/wp\/v2\/types\/post"}],"author":[{"embeddable":true,"href":"https:\/\/www.pcnen.com\/portal\/wp-json\/wp\/v2\/users\/1"}],"replies":[{"embeddable":true,"href":"https:\/\/www.pcnen.com\/portal\/wp-json\/wp\/v2\/comments?post=356644"}],"version-history":[{"count":1,"href":"https:\/\/www.pcnen.com\/portal\/wp-json\/wp\/v2\/posts\/356644\/revisions"}],"predecessor-version":[{"id":356645,"href":"https:\/\/www.pcnen.com\/portal\/wp-json\/wp\/v2\/posts\/356644\/revisions\/356645"}],"wp:featuredmedia":[{"embeddable":true,"href":"https:\/\/www.pcnen.com\/portal\/wp-json\/wp\/v2\/media\/344433"}],"wp:attachment":[{"href":"https:\/\/www.pcnen.com\/portal\/wp-json\/wp\/v2\/media?parent=356644"}],"wp:term":[{"taxonomy":"category","embeddable":true,"href":"https:\/\/www.pcnen.com\/portal\/wp-json\/wp\/v2\/categories?post=356644"},{"taxonomy":"post_tag","embeddable":true,"href":"https:\/\/www.pcnen.com\/portal\/wp-json\/wp\/v2\/tags?post=356644"}],"curies":[{"name":"wp","href":"https:\/\/api.w.org\/{rel}","templated":true}]}}