{"id":356640,"date":"2022-10-06T09:06:40","date_gmt":"2022-10-06T07:06:40","guid":{"rendered":"https:\/\/www.pcnen.com\/portal\/?p=356640"},"modified":"2022-10-06T09:06:40","modified_gmt":"2022-10-06T07:06:40","slug":"elvir-adrovic-pusten-iz-pritvora","status":"publish","type":"post","link":"https:\/\/www.pcnen.com\/portal\/2022\/10\/06\/elvir-adrovic-pusten-iz-pritvora\/","title":{"rendered":"Elvir Adrovi\u0107 pu\u0161ten iz pritvora"},"content":{"rendered":"<p>Adrovi\u0107u je Specijalno dr\u017eavno tu\u017eila\u0161tvo prije nekoliko dana odredilo zadr\u017eavanje do 72 sata. Nakon toga, nije mu produ\u017een pritvor do 30 dana.<\/p>\n<p>Ju\u010de su uhap\u0161ena tri \u010dlana Komisije na \u010dijem \u010delu je bio Adrovi\u0107, kao i na\u010delnik Odjeljenja za sprje\u010davanje krijum\u010darenja \u017deljko Ivanovi\u0107. U me\u0111uvremenu pritvor do 30 dana, odre\u0111en je voza\u010du kamiona s oduzetim cigaretama i \u0161efu mobilnog tima za suzbijanje krijum\u010darenja.<\/p>\n<blockquote class=\"wp-embedded-content\" data-secret=\"PCoST2b4hd\"><p><a href=\"https:\/\/www.pcnen.com\/portal\/2022\/10\/03\/uhapsen-sef-komisije-uprave-prihoda-i-carina-elvir-adrovic\/\">Uhap\u0161en \u0161ef Komisije Uprave prihoda i carina Elvir Adrovi\u0107<\/a><\/p><\/blockquote>\n<p><iframe loading=\"lazy\" class=\"wp-embedded-content\" sandbox=\"allow-scripts\" security=\"restricted\" style=\"position: absolute; clip: rect(1px, 1px, 1px, 1px);\" title=\"&#8220;Uhap\u0161en \u0161ef Komisije Uprave prihoda i carina Elvir Adrovi\u0107&#8221; &#8212; PCNEN\" src=\"https:\/\/www.pcnen.com\/portal\/2022\/10\/03\/uhapsen-sef-komisije-uprave-prihoda-i-carina-elvir-adrovic\/embed\/#?secret=ITFgMNe5Lv#?secret=PCoST2b4hd\" data-secret=\"PCoST2b4hd\" width=\"600\" height=\"338\" frameborder=\"0\" marginwidth=\"0\" marginheight=\"0\" scrolling=\"no\"><\/iframe><\/p>\n","protected":false},"excerpt":{"rendered":"<p>Predsjednik Komisije za uni\u0161tavanje oduzetih cigareta Elvir Adrovi\u0107 koji je uhap\u0161en zbog nestanka zaplijenjene robe, napustio je podgori\u010dki Centar bezbjednosti, jutros oko \u0161est sati.<\/p>\n","protected":false},"author":1,"featured_media":356522,"comment_status":"open","ping_status":"closed","sticky":false,"template":"","format":"standard","meta":{"_seopress_robots_primary_cat":"","_seopress_titles_title":"","_seopress_titles_desc":"","_seopress_robots_index":"","_et_pb_use_builder":"","_et_pb_old_content":"","_et_gb_content_width":"","inline_featured_image":false,"footnotes":""},"categories":[14],"tags":[],"class_list":["post-356640","post","type-post","status-publish","format-standard","has-post-thumbnail","hentry","category-vijesti"],"_links":{"self":[{"href":"https:\/\/www.pcnen.com\/portal\/wp-json\/wp\/v2\/posts\/356640","targetHints":{"allow":["GET"]}}],"collection":[{"href":"https:\/\/www.pcnen.com\/portal\/wp-json\/wp\/v2\/posts"}],"about":[{"href":"https:\/\/www.pcnen.com\/portal\/wp-json\/wp\/v2\/types\/post"}],"author":[{"embeddable":true,"href":"https:\/\/www.pcnen.com\/portal\/wp-json\/wp\/v2\/users\/1"}],"replies":[{"embeddable":true,"href":"https:\/\/www.pcnen.com\/portal\/wp-json\/wp\/v2\/comments?post=356640"}],"version-history":[{"count":1,"href":"https:\/\/www.pcnen.com\/portal\/wp-json\/wp\/v2\/posts\/356640\/revisions"}],"predecessor-version":[{"id":356641,"href":"https:\/\/www.pcnen.com\/portal\/wp-json\/wp\/v2\/posts\/356640\/revisions\/356641"}],"wp:featuredmedia":[{"embeddable":true,"href":"https:\/\/www.pcnen.com\/portal\/wp-json\/wp\/v2\/media\/356522"}],"wp:attachment":[{"href":"https:\/\/www.pcnen.com\/portal\/wp-json\/wp\/v2\/media?parent=356640"}],"wp:term":[{"taxonomy":"category","embeddable":true,"href":"https:\/\/www.pcnen.com\/portal\/wp-json\/wp\/v2\/categories?post=356640"},{"taxonomy":"post_tag","embeddable":true,"href":"https:\/\/www.pcnen.com\/portal\/wp-json\/wp\/v2\/tags?post=356640"}],"curies":[{"name":"wp","href":"https:\/\/api.w.org\/{rel}","templated":true}]}}