{"id":356623,"date":"2022-10-05T17:41:56","date_gmt":"2022-10-05T15:41:56","guid":{"rendered":"https:\/\/www.pcnen.com\/portal\/?p=356623"},"modified":"2022-10-05T17:43:42","modified_gmt":"2022-10-05T15:43:42","slug":"ukinuta-presuda-viseg-suda-za-ubistvo-scekica","status":"publish","type":"post","link":"https:\/\/www.pcnen.com\/portal\/2022\/10\/05\/ukinuta-presuda-viseg-suda-za-ubistvo-scekica\/","title":{"rendered":"Ukinuta presuda Vi\u0161eg suda za ubistvo \u0160\u0107eki\u0107a"},"content":{"rendered":"<p>Iz Apelacionog suda su naveli da je Vije\u0107e tog suda, nakon sjednice 20. maja, donijelo rje\u0161enje kojim je uva\u017eilo \u017ealbe Vrhovnog dr\u017eavnog tu\u017eila\u0161tva \u2013 Odjeljenja za suzbijanje organizovanog kriminala, korupcije, terorizma i ratnih zlo\u010dina, optu\u017eenih Borete, Bigovi\u0107a, njihovih branilaca i \u017ealbe branilaca optu\u017eenih Vujadinovi\u0107a, \u0160\u0107eki\u0107a i Ko\u017eara.<\/p>\n<p>\u201cA povodom tih \u017ealbi i po slu\u017ebenoj du\u017enosti, Vije\u0107e je ukinulo presudu Vi\u0161eg suda u Podgorici od 19. oktobra 2012. i predmet vratilo na ponovno su\u0111enje\u201d, ka\u017ee se u saop\u0161tenju, prenosi Mina.<\/p>\n<p>Kako se navodi, u postupku odlu\u010divanja po tim \u017ealbma, Vije\u0107e ovog suda je utvrdilo da su u prvostepenom postupku u\u010dinjene bitne povrede odredaba krivi\u010dnog postupka koje rezultirale povredom prava na odbranu i pravi\u010dno su\u0111enje, \u0161to je utvr\u0111eno odlukom Ustavnog suda od 25. juna 2019.<\/p>\n<p>\u201cPo mi\u0161ljenju vije\u0107a ovoga suda, radi se o bitnim povredama koje se ne mogu otkloniti u postupku pred drugostepenim sudom, iz kojih razloga je prvostepena presuda ukinuta i predmet vra\u0107en istom sudu na ponovno su\u0111enje\u201d, rekli su iz Apelacionog suda.<\/p>\n<p>&nbsp;<\/p>\n<blockquote class=\"wp-embedded-content\" data-secret=\"Xo0KPIlavA\"><p><a href=\"https:\/\/www.pcnen.com\/portal\/2022\/05\/04\/sestra-ubijenog-policijskog-funkcionera-scekica-optuzuje-lazovica-i-golubovica\/\">Sestra ubijenog policijskog funkcionera \u0160\u0107eki\u0107a optu\u017euje Lazovi\u0107a i Golubovi\u0107a<\/a><\/p><\/blockquote>\n<p><iframe loading=\"lazy\" class=\"wp-embedded-content\" sandbox=\"allow-scripts\" security=\"restricted\" style=\"position: absolute; clip: rect(1px, 1px, 1px, 1px);\" title=\"&#8220;Sestra ubijenog policijskog funkcionera \u0160\u0107eki\u0107a optu\u017euje Lazovi\u0107a i Golubovi\u0107a&#8221; &#8212; PCNEN\" src=\"https:\/\/www.pcnen.com\/portal\/2022\/05\/04\/sestra-ubijenog-policijskog-funkcionera-scekica-optuzuje-lazovica-i-golubovica\/embed\/#?secret=QNghDoIrHO#?secret=Xo0KPIlavA\" data-secret=\"Xo0KPIlavA\" width=\"600\" height=\"338\" frameborder=\"0\" marginwidth=\"0\" marginheight=\"0\" scrolling=\"no\"><\/iframe><\/p>\n","protected":false},"excerpt":{"rendered":"<p>Apelacioni sud je ukinuo presudu Vi\u0161eg suda u Podgorici protiv Sa\u0161e Borete, Ljuba Bigovi\u0107a, Ljuba Vujadinovi\u0107a, Milana \u0160\u0107eki\u0107a i Alana Ko\u017eara, koji su optu\u017eeni za ubistvo policijskog funkcionera Slavoljuba \u0160\u0107eki\u0107a.<\/p>\n","protected":false},"author":1,"featured_media":196205,"comment_status":"open","ping_status":"closed","sticky":false,"template":"","format":"standard","meta":{"_seopress_robots_primary_cat":"","_seopress_titles_title":"","_seopress_titles_desc":"","_seopress_robots_index":"","_et_pb_use_builder":"","_et_pb_old_content":"","_et_gb_content_width":"","inline_featured_image":false,"footnotes":""},"categories":[14],"tags":[],"class_list":["post-356623","post","type-post","status-publish","format-standard","has-post-thumbnail","hentry","category-vijesti"],"_links":{"self":[{"href":"https:\/\/www.pcnen.com\/portal\/wp-json\/wp\/v2\/posts\/356623","targetHints":{"allow":["GET"]}}],"collection":[{"href":"https:\/\/www.pcnen.com\/portal\/wp-json\/wp\/v2\/posts"}],"about":[{"href":"https:\/\/www.pcnen.com\/portal\/wp-json\/wp\/v2\/types\/post"}],"author":[{"embeddable":true,"href":"https:\/\/www.pcnen.com\/portal\/wp-json\/wp\/v2\/users\/1"}],"replies":[{"embeddable":true,"href":"https:\/\/www.pcnen.com\/portal\/wp-json\/wp\/v2\/comments?post=356623"}],"version-history":[{"count":2,"href":"https:\/\/www.pcnen.com\/portal\/wp-json\/wp\/v2\/posts\/356623\/revisions"}],"predecessor-version":[{"id":356625,"href":"https:\/\/www.pcnen.com\/portal\/wp-json\/wp\/v2\/posts\/356623\/revisions\/356625"}],"wp:featuredmedia":[{"embeddable":true,"href":"https:\/\/www.pcnen.com\/portal\/wp-json\/wp\/v2\/media\/196205"}],"wp:attachment":[{"href":"https:\/\/www.pcnen.com\/portal\/wp-json\/wp\/v2\/media?parent=356623"}],"wp:term":[{"taxonomy":"category","embeddable":true,"href":"https:\/\/www.pcnen.com\/portal\/wp-json\/wp\/v2\/categories?post=356623"},{"taxonomy":"post_tag","embeddable":true,"href":"https:\/\/www.pcnen.com\/portal\/wp-json\/wp\/v2\/tags?post=356623"}],"curies":[{"name":"wp","href":"https:\/\/api.w.org\/{rel}","templated":true}]}}